{"id":1052,"date":"2020-07-11T15:00:59","date_gmt":"2020-07-11T12:00:59","guid":{"rendered":"http:\/\/www.dspvn.ro\/?p=1052"},"modified":"2020-07-11T15:02:03","modified_gmt":"2020-07-11T12:02:03","slug":"medicii-catalin-bunghez-si-janina-lazar-prezenti-la-videoconferinta-de-bilant-a-actiunilor-de-control-organizata-la-prefectura-vrancea","status":"publish","type":"post","link":"https:\/\/www.dspvn.ro\/index.php\/2020\/07\/11\/medicii-catalin-bunghez-si-janina-lazar-prezenti-la-videoconferinta-de-bilant-a-actiunilor-de-control-organizata-la-prefectura-vrancea\/","title":{"rendered":"Medicii C\u0103t\u0103lin Bunghez \u0219i Janina Laz\u0103r, prezen\u021bi la videoconferin\u021ba de bilan\u021b a ac\u021biunilor de control organizat\u0103 la Prefectura Vrancea"},"content":{"rendered":"\n<p>Dup\u0103 o s\u0103pt\u0103m\u00e2n\u0103 de la declan\u0219area ac\u021biunilor de control efectuate de echipe mixte formate din membri ai tuturor institu\u021biilor cu atribu\u021bii \u00een domeniu, prefectul Gheorghi\u021b\u0103 Berbece, subprefectul Claudia Serafimciuc \u0219i reprezentan\u021bii institu\u021biilor au participat la o videoconferin\u021b\u0103 ini\u021biat\u0103 de c\u0103tre premierul Ludovic Orban.<\/p>\n\n\n\n<p>\u00cen cadrul acesteia au avut interven\u021bii ministrul Afacerilor Interne, Marcel Vela, al Muncii, Violeta Alexandru, al Economiei, Energiei \u0219i Mediului de Afaceri, Virgil Popescu \u0219i, nu \u00een ultimul r\u00e2nd, ministrul S\u0103n\u0103t\u0103\u021bii, Nelu T\u0103taru. Din partea Direc\u021biei de S\u0103n\u0103tate Public\u0103 Vrancea au participat directorul executiv, dr. C\u0103t\u0103lin Bunghez, \u0219i directorul executiv adjunct, dr. Janina Laz\u0103r.<\/p>\n\n\n\n<p>Premierul Orban a dorit s\u0103 se asigure c\u0103 exist\u0103 o mobilizare general\u0103 a institu\u021biilor participante la ac\u021biunile de control, pentru a se asigura respectarea regulilor, cu o concentrare a eforturilor asupra zonelor aglomerate, centrelor urbane, sta\u021biunilor, transportului public, pie\u021belor \u00eenchise sau semideschise. De asemenea, a constatat c\u0103 un num\u0103r mare de cazuri provine din focare (spitale, centre de persoane v\u00e2rstnice), iar rata dispersabilit\u0103\u021bii virusului este mult mai mare ca acum 2 \u2013 3 luni.<\/p>\n\n\n\n<p><em>\u201eNormele de relaxare le-am agreat \u00eempreun\u0103 cu reprezentan\u021bii agen\u021bilor economici, cei care trebuie s\u0103 respecte aceste reguli\u201d<\/em> a spus Nelu T\u0103taru, care a declarat c\u0103 exist\u0103 \u00een acest moment 147 de focare \u00een dezvoltare sau constituire, cele mai multe \u00een regiunea Sud \u2013 Est. <em>\u201eSuntem \u00eentr-un moment de cump\u0103n\u0103\u201d<\/em>, a declarat prim ministrul Ludovic Orban.<\/p>\n\n\n\n<p>\u00cen s\u0103pt\u0103m\u00e2na care a trecut, speciali\u0219tii din cadrul DSP Vrancea s-au al\u0103turat echipelor mixte constituite la nivel de jude\u021b \u0219i au verificat dac\u0103 se respect\u0103 normele de distan\u021bare fizic\u0103 \u0219i cele sanitare pentru limitarea r\u0103sp\u00e2ndirii infec\u021biei cu SARS COV2, oferind recomand\u0103ri acolo unde acestea nu erau respectate \u00eentocmai.<\/p><div id=\"dspvn-2499503830\" class=\"dspvn-continut dspvn-entity-placement\" style=\"margin-bottom: 10px;margin-left: auto;margin-right: auto;text-align: center;\"><a href=\"https:\/\/www.fiipregatit.ro\/\" target=\"_blank\" aria-label=\"www.fiipregatit.ro\"><img src=\"https:\/\/www.dspvn.ro\/wp-content\/uploads\/2023\/07\/fiipreg.jpg\" alt=\"www.fiipregatit.ro\"  srcset=\"https:\/\/www.dspvn.ro\/wp-content\/uploads\/2023\/07\/fiipreg.jpg 946w, https:\/\/www.dspvn.ro\/wp-content\/uploads\/2023\/07\/fiipreg-300x25.jpg 300w, https:\/\/www.dspvn.ro\/wp-content\/uploads\/2023\/07\/fiipreg-150x12.jpg 150w, https:\/\/www.dspvn.ro\/wp-content\/uploads\/2023\/07\/fiipreg-768x63.jpg 768w, https:\/\/www.dspvn.ro\/wp-content\/uploads\/2023\/07\/fiipreg-600x49.jpg 600w\" sizes=\"(max-width: 946px) 100vw, 946px\" class=\"no-lazyload\" width=\"800\" height=\"78\"  style=\"display: inline-block;\" \/><\/a><\/div>\n","protected":false},"excerpt":{"rendered":"<p>Dup\u0103 o s\u0103pt\u0103m\u00e2n\u0103 de la declan\u0219area ac\u021biunilor de control efectuate de echipe mixte formate din membri ai tuturor institu\u021biilor cu atribu\u021bii \u00een domeniu, prefectul Gheorghi\u021b\u0103 Berbece, subprefectul Claudia Serafimciuc \u0219i reprezentan\u021bii institu\u021biilor au participat la o videoconferin\u021b\u0103 ini\u021biat\u0103 de c\u0103tre premierul Ludovic Orban. \u00cen cadrul acesteia au avut interven\u021bii ministrul Afacerilor Interne, Marcel Vela, al [&hellip;]<\/p>\n","protected":false},"author":2,"featured_media":1053,"comment_status":"closed","ping_status":"open","sticky":false,"template":"","format":"standard","meta":{"_regular_price":[],"currency_symbol":[],"_lmt_disableupdate":"no","_lmt_disable":"","footnotes":""},"categories":[1],"tags":[],"class_list":["post-1052","post","type-post","status-publish","format-standard","has-post-thumbnail","hentry","category-uncategorized"],"post_slider_layout_featured_media_urls":{"thumbnail":["https:\/\/www.dspvn.ro\/wp-content\/uploads\/2020\/07\/DSP-la-pref-vn-150x113.jpg",150,113,true],"post_slider_layout_landscape_large":["https:\/\/www.dspvn.ro\/wp-content\/uploads\/2020\/07\/DSP-la-pref-vn.jpg",960,720,false],"post_slider_layout_portrait_large":["https:\/\/www.dspvn.ro\/wp-content\/uploads\/2020\/07\/DSP-la-pref-vn.jpg",960,720,false],"post_slider_layout_square_large":["https:\/\/www.dspvn.ro\/wp-content\/uploads\/2020\/07\/DSP-la-pref-vn.jpg",960,720,false],"post_slider_layout_landscape":["https:\/\/www.dspvn.ro\/wp-content\/uploads\/2020\/07\/DSP-la-pref-vn.jpg",533,400,false],"post_slider_layout_portrait":["https:\/\/www.dspvn.ro\/wp-content\/uploads\/2020\/07\/DSP-la-pref-vn.jpg",600,450,false],"post_slider_layout_square":["https:\/\/www.dspvn.ro\/wp-content\/uploads\/2020\/07\/DSP-la-pref-vn.jpg",600,450,false],"full":["https:\/\/www.dspvn.ro\/wp-content\/uploads\/2020\/07\/DSP-la-pref-vn.jpg",960,720,false]},"modified_by":"Stanciu Silviu","_links":{"self":[{"href":"https:\/\/www.dspvn.ro\/index.php\/wp-json\/wp\/v2\/posts\/1052","targetHints":{"allow":["GET"]}}],"collection":[{"href":"https:\/\/www.dspvn.ro\/index.php\/wp-json\/wp\/v2\/posts"}],"about":[{"href":"https:\/\/www.dspvn.ro\/index.php\/wp-json\/wp\/v2\/types\/post"}],"author":[{"embeddable":true,"href":"https:\/\/www.dspvn.ro\/index.php\/wp-json\/wp\/v2\/users\/2"}],"replies":[{"embeddable":true,"href":"https:\/\/www.dspvn.ro\/index.php\/wp-json\/wp\/v2\/comments?post=1052"}],"version-history":[{"count":2,"href":"https:\/\/www.dspvn.ro\/index.php\/wp-json\/wp\/v2\/posts\/1052\/revisions"}],"predecessor-version":[{"id":1055,"href":"https:\/\/www.dspvn.ro\/index.php\/wp-json\/wp\/v2\/posts\/1052\/revisions\/1055"}],"wp:featuredmedia":[{"embeddable":true,"href":"https:\/\/www.dspvn.ro\/index.php\/wp-json\/wp\/v2\/media\/1053"}],"wp:attachment":[{"href":"https:\/\/www.dspvn.ro\/index.php\/wp-json\/wp\/v2\/media?parent=1052"}],"wp:term":[{"taxonomy":"category","embeddable":true,"href":"https:\/\/www.dspvn.ro\/index.php\/wp-json\/wp\/v2\/categories?post=1052"},{"taxonomy":"post_tag","embeddable":true,"href":"https:\/\/www.dspvn.ro\/index.php\/wp-json\/wp\/v2\/tags?post=1052"}],"curies":[{"name":"wp","href":"https:\/\/api.w.org\/{rel}","templated":true}]}}