{"id":1251,"date":"2020-08-04T17:56:39","date_gmt":"2020-08-04T14:56:39","guid":{"rendered":"http:\/\/www.dspvn.ro\/?p=1251"},"modified":"2020-08-04T17:56:40","modified_gmt":"2020-08-04T14:56:40","slug":"analiza-de-risc-epidemiologic-si-recomandari-pentru-limitarea-raspandirii-infectiei-cu-covid-19-in-judetul-vrancea","status":"publish","type":"post","link":"https:\/\/www.dspvn.ro\/index.php\/2020\/08\/04\/analiza-de-risc-epidemiologic-si-recomandari-pentru-limitarea-raspandirii-infectiei-cu-covid-19-in-judetul-vrancea\/","title":{"rendered":"Analiz\u0103 de risc epidemiologic \u0219i recomand\u0103ri pentru limitarea r\u0103sp\u00e2ndirii infec\u021biei cu COVID-19 \u00een jude\u021bul Vrancea"},"content":{"rendered":"\n<p>\u00cen contextul epidemiologic actual, o radiografie a riscului epidemiologic \u00een jude\u021bul Vrancea se impunea, \u00een acord cu m\u0103surile de s\u0103n\u0103tate public\u0103 menite a atenua impactul pandemiei.<\/p>\n\n\n\n<p>Informarea popula\u021biei asupra evolu\u021biei fenomenelor, at\u00e2t la nivel na\u021bional c\u00e2t \u0219i local, prin mijloace specifice autorizate, are ca scop evitarea st\u0103rilor de panic\u0103 \u0219i&nbsp;&nbsp; eradicarea informa\u021biilor controversate care&nbsp; pot&nbsp; contribui la destabilizarea situa\u021biei. Acestea vor fi coroborate cu respectarea&nbsp; \u0219i aplicarea \u00een continuare a m\u0103surilor&nbsp; recomandate&nbsp; de autorit\u0103\u021bi, iar fiecare persoan\u0103 fizic\u0103 va fi responsabilizat\u0103 pentru a pune \u00een aplicare m\u0103surile de preven\u021bie c\u00e2t \u0219i cele care trebuie urmate \u00een cazul unor suspiciuni\/ caz probabil\/ caz confirmat de boal\u0103.<\/p>\n\n\n\n<p>\u00cen jude\u021bul Vrancea, \u00een s\u0103pt\u0103m\u00e2na 27.07 &#8211; 03.08.2020 s-au \u00eenregistrat 193 de cazuri noi, cu o rat\u0103 de inciden\u021b\u0103 0,56%<strong><sub>00<\/sub><\/strong>. &nbsp;\u00cen perioada 20.07 &#8211; 03.08.2020 s-au \u00eenregistrat 406 cazuri noi, cu o rat\u0103 de inciden\u021b\u0103 la 14 zile de 1,19 %<strong><sub>00<\/sub><\/strong><sub>.<\/sub><sub> <\/sub>Comparativ cu s\u0103pt\u0103m\u00e2na 20-27.07.2020, c\u00e2nd rata de inciden\u021b\u0103 a fost 0,62%<strong><sub>00, <\/sub>se observ\u0103 o u\u0219oar\u0103 tendin\u021b\u0103 de sc\u0103dere a inciden\u021bei num\u0103rului de infect\u0103ri.<\/strong><\/p>\n\n\n\n<p>Dar, dac\u0103 analiz\u0103m rata de inciden\u021b\u0103 \u00eenregistrat\u0103 la 14 zile, observ\u0103m o tendin\u0163\u0103 de cre\u015ftere a inciden\u0163ei \u00eemboln\u0103virilor la nivelul jude\u0163ului.<\/p>\n\n\n\n<figure class=\"wp-block-image size-large\"><img fetchpriority=\"high\" decoding=\"async\" width=\"749\" height=\"376\" src=\"http:\/\/www.dspvn.ro\/wp-content\/uploads\/2020\/08\/gr1.jpg\" alt=\"\" class=\"wp-image-1252\" srcset=\"https:\/\/www.dspvn.ro\/wp-content\/uploads\/2020\/08\/gr1.jpg 749w, https:\/\/www.dspvn.ro\/wp-content\/uploads\/2020\/08\/gr1-300x151.jpg 300w, https:\/\/www.dspvn.ro\/wp-content\/uploads\/2020\/08\/gr1-150x75.jpg 150w, https:\/\/www.dspvn.ro\/wp-content\/uploads\/2020\/08\/gr1-600x301.jpg 600w\" sizes=\"(max-width: 749px) 100vw, 749px\" \/><\/figure>\n\n\n\n<figure class=\"wp-block-image size-large\"><img decoding=\"async\" width=\"798\" height=\"367\" src=\"http:\/\/www.dspvn.ro\/wp-content\/uploads\/2020\/08\/gr2.jpg\" alt=\"\" class=\"wp-image-1253\" srcset=\"https:\/\/www.dspvn.ro\/wp-content\/uploads\/2020\/08\/gr2.jpg 798w, https:\/\/www.dspvn.ro\/wp-content\/uploads\/2020\/08\/gr2-300x138.jpg 300w, https:\/\/www.dspvn.ro\/wp-content\/uploads\/2020\/08\/gr2-150x69.jpg 150w, https:\/\/www.dspvn.ro\/wp-content\/uploads\/2020\/08\/gr2-768x353.jpg 768w, https:\/\/www.dspvn.ro\/wp-content\/uploads\/2020\/08\/gr2-600x276.jpg 600w\" sizes=\"(max-width: 798px) 100vw, 798px\" \/><\/figure>\n\n\n\n<p>De la \u00eenceputul pandemiei s-au \u00eenregistrat 85 decese prin SARS-CoV-2, o rat\u0103 de mortalitate de 24,97 %<sub>000. <\/sub>\u00cen perioada de analizat, 20.07 &#8211; 03.08.2020, s-au \u00eenregistrat 8 decese, cu o rat\u0103 de deces prin SARS-CoV-2 la 14 zile de 0,02%<sub>00..<\/sub><\/p>\n\n\n\n<figure class=\"wp-block-image size-large\"><img decoding=\"async\" width=\"596\" height=\"456\" src=\"http:\/\/www.dspvn.ro\/wp-content\/uploads\/2020\/08\/gr3.jpg\" alt=\"\" class=\"wp-image-1254\" srcset=\"https:\/\/www.dspvn.ro\/wp-content\/uploads\/2020\/08\/gr3.jpg 596w, https:\/\/www.dspvn.ro\/wp-content\/uploads\/2020\/08\/gr3-300x230.jpg 300w, https:\/\/www.dspvn.ro\/wp-content\/uploads\/2020\/08\/gr3-150x115.jpg 150w\" sizes=\"(max-width: 596px) 100vw, 596px\" \/><\/figure>\n\n\n\n<p>Din analiz\u0103, se observ\u0103 c\u0103 rata de deces afecteaz\u0103 ambele sexe, diferen\u0163a fiind nesemnificativ\u0103 statistic. Toate persoanele decedate prin COVID-19 sufereau de boli cronice (boli cardiovasculare, Diabet zaharat, Insuficien\u0163\u0103 renal\u0103 cronic\u0103, Hepatita viral\u0103 cu virus B sau C, boli cronice hepatice), cu excep\u0163ia unui deces \u00eenregistrat la un cadru medical.<\/p>\n\n\n\n<p>Din analiza pe grupe de v\u00e2rsta s-a observat o tendin\u0163\u0103 crescut\u0103 de \u00eemboln\u0103vire \u00een r\u00e2ndul persoanelor adulte, grupele de v\u00e2rst\u0103 cele mai afectate fiind cea de 45- 54 ani, cu o inciden\u0163\u0103 de 20,19 %, grupa de v\u00e2rsta 35-44 ani cu o inciden\u0163\u0103 19,22% \u015fi grupa de v\u00e2rsta 55-64 ani cu o inciden\u0163\u0103 de 15,63%.<\/p>\n\n\n\n<p>Din anchetele epidemiologice efectuate, s-a identificat c\u0103 pentru persoanele din grupele de v\u00e2rsta 35-44 ani \u015fi 45-54 ani riscul de \u00eemboln\u0103vire este datorat de comportamentele sociale nes\u0103n\u0103toase.<\/p>\n\n\n\n<p>\u00cen ceea ce prive\u015fte grupa de v\u00e2rst\u0103 a adultului t\u00e2n\u0103r, 20-34 ani, nu este exclus s\u0103 fie o sub-diagnosticare generat\u0103 de num\u0103rul mare de persoane asimptomatice sau de persoane netestate.<\/p>\n\n\n\n<p>\u00cen cazul persoanelor din grupele de v\u00e2rsta 55-64 ani \u015fi peste 65 ani s-a identificat c\u0103 acestea fac parte din grupele de risc, cu multiple comorbidit\u0103\u021bi (pacien\u0163i cu boli cardiace, boli oncologice, insuficien\u021b\u0103 renala cronic\u0103, diabet zaharat), cu multiple prezent\u0103ri \u00een spital sau centre medicale.<\/p>\n\n\n\n<p>Tendin\u0163a actual\u0103 este de constituire de focare familiale \u015fi de colectivitate cu expunere familial\u0103 sau non-social\u0103, dar cu favorizarea apari\u0163iei de focare de colectivitate datorit\u0103 riscurilor asociate, anume:<\/p>\n\n\n\n<p>&#8211; portul incorect al m\u0103\u015ftii de protec\u0163ie;<\/p>\n\n\n\n<p>&#8211; absen\u021ba portului m\u0103\u015ftii de protec\u0163ie la locul de munc\u0103 sau \u00een spa\u0163ii deschise aglomerate<em>;<\/em><\/p>\n\n\n\n<p>&#8211; igiena necorespunz\u0103toare a m\u00e2inilor;<\/p>\n\n\n\n<p>&#8211; comportamente sociale nes\u0103n\u0103toase (fumatul aceleia\u015fi \u0163ig\u0103ri; consumul de lichide din acela\u015fi recipient);<\/p>\n\n\n\n<p>&#8211; relaxare social\u0103 la locul de munc\u0103 cu colegii de serviciu;<\/p>\n\n\n\n<p>&#8211; ascunderea detaliilor \u00een anchetele epidemiologice, cu riscul de a \u00eempiedica aplicarea m\u0103surilor de preven\u0163ie \u015fi control;<\/p>\n\n\n\n<p>&#8211; lipsa de cooperare din partea angajatorului &#8211; s-a identificat o fals\u0103 cooperare generat\u0103 de frica de sc\u0103dere a produc\u0163iei \u015fi automat a \u00eencas\u0103rilor;<\/p>\n\n\n\n<p>&#8211; lipsa de cooperare din partea angajatului, generat\u0103 de stresul indus de angajator c\u0103 \u00ee\u015fi pierd locul de munc\u0103;<\/p>\n\n\n\n<p>&#8211; lipsa educa\u0163iei sanitare la nivelul popula\u0163iei;<\/p>\n\n\n\n<p>&#8211; existen\u021ba contestatarilor infec\u0163iei COVID-19.<\/p>\n\n\n\n<p>Direc\u0163ia de S\u0103n\u0103tate Public\u0103 Vrancea a identificat, din dialogul purtat cu persoanele care sunt contac\u021bi ai cazurilor pozitive, c\u0103 pacien\u0163ii ascund anumite detalii, care duc la o subevaluare a situa\u0163iei de risc epidemiologic \u015fi neaplicarea corect\u0103 \u015fi prompt\u0103 a m\u0103surilor de preven\u0163ie.<\/p>\n\n\n\n<p>Datorit\u0103 lipsei de reactivi din laboratoarele private din jude\u0163 sau din \u0163ar\u0103, contac\u021bii cazurilor pozitive se adreseaz\u0103 Direc\u0163iei de S\u0103n\u0103tate Public\u0103 Vrancea \u015fi solicit\u0103 testare contra-cost, f\u0103r\u0103 s\u0103 declare corect motivul test\u0103rii. S-a identificat din ancheta epidemiologic faptul c\u0103 ace\u015ftia sunt contac\u021bi cu cazuri confirmate de COVID-19.<\/p>\n\n\n\n<p>De asemenea, s-a identificat o lips\u0103 de &nbsp;conformare din partea persoanelor care solicit\u0103 testarea RT-PCR contra cost de a se supune reglement\u0103rilor sanitare \u00een vigoare formulate prin Legea nr. 136\/2020. Ace\u015ftia refuz\u0103 izolarea \u00een spital pe o perioad\u0103 de p\u00e2n\u0103 la 48 de ore pentru evaluare clinic\u0103 \u015fi paraclinic\u0103, motiv\u00e2nd c\u0103 sunt asimptomatici.<\/p>\n\n\n\n<p>Num\u0103rul mare de \u00eemboln\u0103viri prin COVID-19, \u00eenregistrat \u00een luna iulie 2020, poate fi generat de expunerea din timpul concediilor de odihn\u0103 sau prin participarea la evenimente private. Astfel, s-a constatat c\u0103 pe teritoriul jude\u0163ului Vrancea a continuat seria de evenimente private, fenomen ce poate sus\u0163ine transmiterea intracomunitar\u0103 favorizat\u0103 de comportamente relaxate.<\/p>\n\n\n\n<p>O alt\u0103 situa\u0163ie poten\u0163ial\u0103 de risc este aceea generat\u0103 de personalul medical de specialitate, \u00een num\u0103r insuficient \u015fi suprasolicitat de volumul mare de persoane testate pozitiv, simptomatice sau asimptomatice. Aceste persoane trebuie evaluate clinic \u015fi paraclinic, ini\u0163iat\u0103 ancheta epidemiologic\u0103 preliminar\u0103 \u00een 12 ore de la testarea pozitiv\u0103, fapt care suprasolicit\u0103 Serviciul de Ambulan\u0163\u0103 prin apelarea num\u0103rului unic de urgen\u0163\u0103 112 \u00een vederea transportului c\u0103tre Spitalul Jude\u0163ean de Urgen\u0163\u0103 Foc\u015fani.<\/p>\n\n\n\n<p>De asemenea, s-a observat identificarea unui num\u0103r mare de persoane testate pozitiv pentru SARS-CoV-2 complet asimptomatice. Aceste persoane sunt depistate \u00een alte sec\u0163ii ale spitalului, nu \u00een sec\u0163ia de boli infec\u0163ioase, pentru alte cauze medicale sau la testarea pentru p\u0103r\u0103sirea \u0163\u0103rii \u00een scop recreativ. Putem concluziona c\u0103 aceste persoane au fost simptomatice cu mult \u00eenaintea test\u0103rii, dar nu s-au declarat la momentul respectiv, favoriz\u00e2nd astfel sus\u0163inerea \u015fi transmiterea intracomunitar\u0103 de COVID-19.<\/p>\n\n\n\n<p><strong><u>RECOMAND\u0102RI<\/u><\/strong><strong>:<\/strong><\/p>\n\n\n\n<p><strong>&#8211; <\/strong><strong>portul obligatoriu al m\u0103\u015ftii de protec\u0163ie \u00een spa\u0163iile deschise <\/strong><strong>aglomerate;<\/strong><\/p>\n\n\n\n<p><strong>&#8211; <\/strong><strong>portul obligatoriu al m\u0103\u015ftii de protec\u0163ie \u00een mijloacele de transport \u00een comun;<\/strong><\/p>\n\n\n\n<p><strong>&#8211; <\/strong><strong>recomandare de men\u0163inere a distan\u0163\u0103rii fizice;<\/strong><\/p>\n\n\n\n<p><strong>&#8211; <\/strong><strong>interzicerea evenimentelor private \u00een spa\u0163iu deschis cu mai mult de 50 de participan\u0163i \u015fi \u00een spa\u0163iu \u00eenchis cu mai mult de 20 participan\u0163i;<\/strong><\/p>\n\n\n\n<p><strong>&#8211; <\/strong><strong>solicitarea c\u0103tre Direc\u0163ia de S\u0103n\u0103tate<\/strong><strong> Public\u0103 Vrancea din partea operatorilor economici a analizei de risc epidemiologic a evenimentului privat;<\/strong><\/p>\n\n\n\n<p><strong>&#8211; <\/strong><strong>obligativitatea agen\u0163ilor economici de a pune la dispozi\u0163ia DSP Vrancea lista participan\u0163ilor la evenimentul aprobat, cu nume, prenume \u015fi num\u0103r de telefon;<\/strong><\/p>\n\n\n\n<p><strong>&#8211; <\/strong><strong>aplicarea ac\u0163iunii complementare, prin suspendarea temporar\u0103 a activit\u0103\u0163ii, tuturor agen\u0163ilor economici care organizeaz\u0103 evenimente private \u015fi care nu respecta legisla\u0163ia sanitar\u0103 \u00een vigoare;<\/strong><\/p>\n\n\n\n<p><strong>&#8211; <\/strong><strong>obligativitatea agen\u0163ilor economici de avea o eviden<\/strong><strong>\u021b<\/strong><strong>\u0103 scris\u0103 a triajului epidemiologic zilnic al angaja\u0163ilor \u015fi al concediilor medicale acordate;<\/strong><\/p>\n\n\n\n<p><strong>&#8211; <\/strong><strong>obligativitatea efectu\u0103rii dezinfec\u0163iei, cu firma autorizat\u0103 DDD, la sf\u00e2r\u015fit de s\u0103pt\u0103m\u00e2n\u0103<\/strong><strong>,<\/strong><strong> \u00een toate institu\u0163iile publice \u015fi ori de c\u00e2te ori este nevoie, cu informarea DSP Vrancea;<\/strong><\/p>\n\n\n\n<p><strong>&#8211; <\/strong><strong>obligativitatea existen\u0163ei <\/strong><strong>unei <\/strong><strong>eviden<\/strong><strong>\u021b<\/strong><strong>e scrise a triajului epidemiologic al angaja\u0163ilor din institu\u0163iile publice, cu transmiterea lunar\u0103 a acestor informa\u0163ii c\u0103tre DSP Vrancea.<\/strong><\/p><div id=\"dspvn-801938900\" class=\"dspvn-continut dspvn-entity-placement\" style=\"margin-bottom: 10px;margin-left: auto;margin-right: auto;text-align: center;\"><a href=\"https:\/\/www.fiipregatit.ro\/\" target=\"_blank\" aria-label=\"www.fiipregatit.ro\"><img src=\"https:\/\/www.dspvn.ro\/wp-content\/uploads\/2023\/07\/fiipreg.jpg\" alt=\"www.fiipregatit.ro\"  srcset=\"https:\/\/www.dspvn.ro\/wp-content\/uploads\/2023\/07\/fiipreg.jpg 946w, https:\/\/www.dspvn.ro\/wp-content\/uploads\/2023\/07\/fiipreg-300x25.jpg 300w, https:\/\/www.dspvn.ro\/wp-content\/uploads\/2023\/07\/fiipreg-150x12.jpg 150w, https:\/\/www.dspvn.ro\/wp-content\/uploads\/2023\/07\/fiipreg-768x63.jpg 768w, https:\/\/www.dspvn.ro\/wp-content\/uploads\/2023\/07\/fiipreg-600x49.jpg 600w\" sizes=\"(max-width: 946px) 100vw, 946px\" class=\"no-lazyload\" width=\"800\" height=\"78\"  style=\"display: inline-block;\" \/><\/a><\/div>\n","protected":false},"excerpt":{"rendered":"<p>\u00cen contextul epidemiologic actual, o radiografie a riscului epidemiologic \u00een jude\u021bul Vrancea se impunea, \u00een acord cu m\u0103surile de s\u0103n\u0103tate public\u0103 menite a atenua impactul pandemiei. Informarea popula\u021biei asupra evolu\u021biei fenomenelor, at\u00e2t la nivel na\u021bional c\u00e2t \u0219i local, prin mijloace specifice autorizate, are ca scop evitarea st\u0103rilor de panic\u0103 \u0219i&nbsp;&nbsp; eradicarea informa\u021biilor controversate care&nbsp; pot&nbsp; [&hellip;]<\/p>\n","protected":false},"author":2,"featured_media":0,"comment_status":"closed","ping_status":"open","sticky":false,"template":"","format":"standard","meta":{"_regular_price":[],"currency_symbol":[],"_lmt_disableupdate":"","_lmt_disable":"","footnotes":""},"categories":[1],"tags":[],"class_list":["post-1251","post","type-post","status-publish","format-standard","hentry","category-uncategorized"],"post_slider_layout_featured_media_urls":{"thumbnail":"","post_slider_layout_landscape_large":"","post_slider_layout_portrait_large":"","post_slider_layout_square_large":"","post_slider_layout_landscape":"","post_slider_layout_portrait":"","post_slider_layout_square":"","full":""},"modified_by":"Stanciu Silviu","_links":{"self":[{"href":"https:\/\/www.dspvn.ro\/index.php\/wp-json\/wp\/v2\/posts\/1251","targetHints":{"allow":["GET"]}}],"collection":[{"href":"https:\/\/www.dspvn.ro\/index.php\/wp-json\/wp\/v2\/posts"}],"about":[{"href":"https:\/\/www.dspvn.ro\/index.php\/wp-json\/wp\/v2\/types\/post"}],"author":[{"embeddable":true,"href":"https:\/\/www.dspvn.ro\/index.php\/wp-json\/wp\/v2\/users\/2"}],"replies":[{"embeddable":true,"href":"https:\/\/www.dspvn.ro\/index.php\/wp-json\/wp\/v2\/comments?post=1251"}],"version-history":[{"count":1,"href":"https:\/\/www.dspvn.ro\/index.php\/wp-json\/wp\/v2\/posts\/1251\/revisions"}],"predecessor-version":[{"id":1255,"href":"https:\/\/www.dspvn.ro\/index.php\/wp-json\/wp\/v2\/posts\/1251\/revisions\/1255"}],"wp:attachment":[{"href":"https:\/\/www.dspvn.ro\/index.php\/wp-json\/wp\/v2\/media?parent=1251"}],"wp:term":[{"taxonomy":"category","embeddable":true,"href":"https:\/\/www.dspvn.ro\/index.php\/wp-json\/wp\/v2\/categories?post=1251"},{"taxonomy":"post_tag","embeddable":true,"href":"https:\/\/www.dspvn.ro\/index.php\/wp-json\/wp\/v2\/tags?post=1251"}],"curies":[{"name":"wp","href":"https:\/\/api.w.org\/{rel}","templated":true}]}}