{"id":1332,"date":"2020-08-26T10:13:08","date_gmt":"2020-08-26T07:13:08","guid":{"rendered":"http:\/\/www.dspvn.ro\/?p=1332"},"modified":"2020-08-26T10:13:09","modified_gmt":"2020-08-26T07:13:09","slug":"se-mentine-trendul-descendent-al-cazurilor-de-covid-19-din-vrancea","status":"publish","type":"post","link":"https:\/\/www.dspvn.ro\/index.php\/2020\/08\/26\/se-mentine-trendul-descendent-al-cazurilor-de-covid-19-din-vrancea\/","title":{"rendered":"Se men\u021bine trendul descendent al cazurilor de COVID-19 din Vrancea"},"content":{"rendered":"\n<p>Potrivit unui raport al Institutului Na\u021bional de S\u0103n\u0103tate Public\u0103, care vizeaz\u0103 perioada 17-23 august, 34.2% din totalul cazurilor s-au \u00eenregistrat in Bucure\u0219ti, Prahova, Ia\u0219i, Bihor \u0219i Timi\u0219, iar 30.9% din totalul deceselor au fost \u00eenregistrate \u00een Bucure\u0219ti, Bihor, Arge\u0219, Buz\u0103u \u0219i Ia\u0219i. \u00cen nou\u0103 jude\u021be din \u021bar\u0103 se \u00eenregistreaz\u0103 un trend ascendent \u00een ceea ce prive\u0219te num\u0103rul cazurilor de Covid-19, potrivit raportului s\u0103pt\u0103m\u00e2nal al Institutului Na\u021bional de S\u0103n\u0103tate Public\u0103 (INSP). (Raportul poate fi vizualizat aici: <a href=\"http:\/\/www.cnscbt.ro\/index.php\/analiza-cazuri-confirmate-covid19\/1940-raport-saptamanal-episaptamana33\/file\">http:\/\/www.cnscbt.ro\/index.php\/analiza-cazuri-confirmate-covid19\/1940-raport-saptamanal-episaptamana33\/file<\/a>). Cele nou\u0103 jude\u021be sunt: Alba, Boto\u0219ani, C\u0103l\u0103ra\u0219i, Dolj, Ia\u0219i, Satu Mare, S\u0103laj, Teleorman \u0219i Tulcea.<\/p>\n\n\n\n<p><strong>\u201e\u00cen 6 jude\u021be \u0219i Municipiul Bucure\u0219ti se \u00eenregistreaz\u0103 o rat\u0103 de inciden\u021b\u0103 cumulat\u0103 peste 100\/100.000 locuitori\u201d,<\/strong> se arat\u0103 \u00een raportul s\u0103pt\u0103m\u00e2nal al INSP. 79.8% din totalul deceselor au fost la persoane peste 60 ani, iar 59.7% din decese au fost la b\u0103rba\u021bi. De asemenea, 94.8% din to\u021bi cei deceda\u021bi aveau cel pu\u021bin o comorbiditate asociat\u0103.<\/p>\n\n\n\n<p>Un trend descendent \u00een s\u0103pt\u0103m\u00e2na 17-23 august, comparativ cu cea anterioar\u0103, se \u00eenregistreaz\u0103 \u00een jude\u021bele <strong>Arge\u0219, Bra\u0219ov, Cara\u0219-Severin, D\u00e2mbovi\u021ba, Gala\u021bi, Giurgiu, Gorj, Harghita, Ialomi\u021ba, Ilfov, Mehedin\u021bi, Sibiu \u0219i Vrancea<\/strong>, \u00een acest ultim jude\u021b \u00eenregistr\u00e2ndu-se 126 cazuri noi raportate \u0219i 4 decese. <\/p>\n\n\n\n<figure class=\"wp-block-image size-large\"><img fetchpriority=\"high\" decoding=\"async\" width=\"633\" height=\"1024\" src=\"http:\/\/www.dspvn.ro\/wp-content\/uploads\/2020\/08\/Raport-saptamanal-EpiSaptamana33-3-633x1024.jpg\" alt=\"\" class=\"wp-image-1333\" srcset=\"https:\/\/www.dspvn.ro\/wp-content\/uploads\/2020\/08\/Raport-saptamanal-EpiSaptamana33-3-633x1024.jpg 633w, https:\/\/www.dspvn.ro\/wp-content\/uploads\/2020\/08\/Raport-saptamanal-EpiSaptamana33-3-185x300.jpg 185w, https:\/\/www.dspvn.ro\/wp-content\/uploads\/2020\/08\/Raport-saptamanal-EpiSaptamana33-3-93x150.jpg 93w, https:\/\/www.dspvn.ro\/wp-content\/uploads\/2020\/08\/Raport-saptamanal-EpiSaptamana33-3-768x1243.jpg 768w, https:\/\/www.dspvn.ro\/wp-content\/uploads\/2020\/08\/Raport-saptamanal-EpiSaptamana33-3-949x1536.jpg 949w, https:\/\/www.dspvn.ro\/wp-content\/uploads\/2020\/08\/Raport-saptamanal-EpiSaptamana33-3-1266x2048.jpg 1266w, https:\/\/www.dspvn.ro\/wp-content\/uploads\/2020\/08\/Raport-saptamanal-EpiSaptamana33-3-600x971.jpg 600w, https:\/\/www.dspvn.ro\/wp-content\/uploads\/2020\/08\/Raport-saptamanal-EpiSaptamana33-3-scaled.jpg 1582w\" sizes=\"(max-width: 633px) 100vw, 633px\" \/><\/figure>\n\n\n\n<p>Fapt prezentat \u0219i \u00een cadrul \u0219edin\u021bei Grupului de suport informa\u021bional-decizional COVID-19 pentru analiza m\u0103surilor adoptate \u0219i a situa\u021biei operative referitoare la prevenirea \u0219i evolu\u021bia r\u0103sp\u00e2ndirii virusului SARS-CoV-2, \u0219edin\u021b\u0103 convocat\u0103 de prefectul jude\u021bului Vrancea, Gheorghi\u021b\u0103 Berbece, \u00een cursul zilei de 25 august 2020.\u00a0 \u00cen cadrul acestei \u0219edin\u021be, directorul executiv adjunct al DSP Vrancea, dr. Janina Laz\u0103r, a confirmat tendin\u021ba din ultima perioad\u0103 de sc\u0103dere a num\u0103rului de cazuri confirmate pozitiv. <strong>\u201eRezultatele confirm\u0103 panta descendent\u0103 din ultima perioad\u0103, fapt asociat efortului considerabil depus de speciali\u0219tii epidemiologi, afla\u021bi la datorie, dar \u0219i al vr\u00e2ncenilor care se protejeaz\u0103 din ce \u00een ce mai bine. Pruden\u021ba \u0219i respectarea m\u0103surilor legale r\u0103m\u00e2n \u00een continuare factorii primordiali \u00een limitarea r\u0103sp\u00e2ndirii intracomunitare cu COVID-19. Evolu\u021bia favorabil\u0103 a situa\u021biei num\u0103rului infect\u0103rilor este str\u00e2ns legat\u0103 de comportamentul fiec\u0103rui om. Facem apel, \u00een mod special, c\u0103tre turi\u0219ti, s\u0103 nu ignore m\u0103surile de preven\u021bie sanitar\u0103, pentru c\u0103, din p\u0103cate, \u00een acest segment \u00eenc\u0103 se mai \u00eenregistreaz\u0103 cele mai multe contamin\u0103ri&#8221;<\/strong>, a declarat conducerea DSP Vrancea.<\/p><div id=\"dspvn-1218994044\" class=\"dspvn-continut dspvn-entity-placement\" style=\"margin-bottom: 10px;margin-left: auto;margin-right: auto;text-align: center;\"><a href=\"https:\/\/www.fiipregatit.ro\/\" target=\"_blank\" aria-label=\"www.fiipregatit.ro\"><img src=\"https:\/\/www.dspvn.ro\/wp-content\/uploads\/2023\/07\/fiipreg.jpg\" alt=\"www.fiipregatit.ro\"  srcset=\"https:\/\/www.dspvn.ro\/wp-content\/uploads\/2023\/07\/fiipreg.jpg 946w, https:\/\/www.dspvn.ro\/wp-content\/uploads\/2023\/07\/fiipreg-300x25.jpg 300w, https:\/\/www.dspvn.ro\/wp-content\/uploads\/2023\/07\/fiipreg-150x12.jpg 150w, https:\/\/www.dspvn.ro\/wp-content\/uploads\/2023\/07\/fiipreg-768x63.jpg 768w, https:\/\/www.dspvn.ro\/wp-content\/uploads\/2023\/07\/fiipreg-600x49.jpg 600w\" sizes=\"(max-width: 946px) 100vw, 946px\" class=\"no-lazyload\" width=\"800\" height=\"78\"  style=\"display: inline-block;\" \/><\/a><\/div>\n","protected":false},"excerpt":{"rendered":"<p>Potrivit unui raport al Institutului Na\u021bional de S\u0103n\u0103tate Public\u0103, care vizeaz\u0103 perioada 17-23 august, 34.2% din totalul cazurilor s-au \u00eenregistrat in Bucure\u0219ti, Prahova, Ia\u0219i, Bihor \u0219i Timi\u0219, iar 30.9% din totalul deceselor au fost \u00eenregistrate \u00een Bucure\u0219ti, Bihor, Arge\u0219, Buz\u0103u \u0219i Ia\u0219i. \u00cen nou\u0103 jude\u021be din \u021bar\u0103 se \u00eenregistreaz\u0103 un trend ascendent \u00een ceea ce [&hellip;]<\/p>\n","protected":false},"author":2,"featured_media":1334,"comment_status":"closed","ping_status":"open","sticky":false,"template":"","format":"standard","meta":{"_regular_price":[],"currency_symbol":[],"_lmt_disableupdate":"","_lmt_disable":"","footnotes":""},"categories":[1],"tags":[],"class_list":["post-1332","post","type-post","status-publish","format-standard","has-post-thumbnail","hentry","category-uncategorized"],"post_slider_layout_featured_media_urls":{"thumbnail":["https:\/\/www.dspvn.ro\/wp-content\/uploads\/2020\/08\/Sedinta-PrefVN25aug2020-150x63.jpg",150,63,true],"post_slider_layout_landscape_large":["https:\/\/www.dspvn.ro\/wp-content\/uploads\/2020\/08\/Sedinta-PrefVN25aug2020.jpg",1200,503,false],"post_slider_layout_portrait_large":["https:\/\/www.dspvn.ro\/wp-content\/uploads\/2020\/08\/Sedinta-PrefVN25aug2020.jpg",1200,503,false],"post_slider_layout_square_large":["https:\/\/www.dspvn.ro\/wp-content\/uploads\/2020\/08\/Sedinta-PrefVN25aug2020.jpg",1200,503,false],"post_slider_layout_landscape":["https:\/\/www.dspvn.ro\/wp-content\/uploads\/2020\/08\/Sedinta-PrefVN25aug2020.jpg",600,252,false],"post_slider_layout_portrait":["https:\/\/www.dspvn.ro\/wp-content\/uploads\/2020\/08\/Sedinta-PrefVN25aug2020.jpg",600,252,false],"post_slider_layout_square":["https:\/\/www.dspvn.ro\/wp-content\/uploads\/2020\/08\/Sedinta-PrefVN25aug2020.jpg",600,252,false],"full":["https:\/\/www.dspvn.ro\/wp-content\/uploads\/2020\/08\/Sedinta-PrefVN25aug2020.jpg",1280,537,false]},"modified_by":"Stanciu Silviu","_links":{"self":[{"href":"https:\/\/www.dspvn.ro\/index.php\/wp-json\/wp\/v2\/posts\/1332","targetHints":{"allow":["GET"]}}],"collection":[{"href":"https:\/\/www.dspvn.ro\/index.php\/wp-json\/wp\/v2\/posts"}],"about":[{"href":"https:\/\/www.dspvn.ro\/index.php\/wp-json\/wp\/v2\/types\/post"}],"author":[{"embeddable":true,"href":"https:\/\/www.dspvn.ro\/index.php\/wp-json\/wp\/v2\/users\/2"}],"replies":[{"embeddable":true,"href":"https:\/\/www.dspvn.ro\/index.php\/wp-json\/wp\/v2\/comments?post=1332"}],"version-history":[{"count":1,"href":"https:\/\/www.dspvn.ro\/index.php\/wp-json\/wp\/v2\/posts\/1332\/revisions"}],"predecessor-version":[{"id":1335,"href":"https:\/\/www.dspvn.ro\/index.php\/wp-json\/wp\/v2\/posts\/1332\/revisions\/1335"}],"wp:featuredmedia":[{"embeddable":true,"href":"https:\/\/www.dspvn.ro\/index.php\/wp-json\/wp\/v2\/media\/1334"}],"wp:attachment":[{"href":"https:\/\/www.dspvn.ro\/index.php\/wp-json\/wp\/v2\/media?parent=1332"}],"wp:term":[{"taxonomy":"category","embeddable":true,"href":"https:\/\/www.dspvn.ro\/index.php\/wp-json\/wp\/v2\/categories?post=1332"},{"taxonomy":"post_tag","embeddable":true,"href":"https:\/\/www.dspvn.ro\/index.php\/wp-json\/wp\/v2\/tags?post=1332"}],"curies":[{"name":"wp","href":"https:\/\/api.w.org\/{rel}","templated":true}]}}