{"id":1423,"date":"2020-09-30T20:03:08","date_gmt":"2020-09-30T17:03:08","guid":{"rendered":"http:\/\/www.dspvn.ro\/?p=1423"},"modified":"2020-09-30T20:03:08","modified_gmt":"2020-09-30T17:03:08","slug":"dsp-vrancea-prezenta-la-intrunirea-comitetul-judetean-pentru-situatii-de-urgenta","status":"publish","type":"post","link":"https:\/\/www.dspvn.ro\/index.php\/2020\/09\/30\/dsp-vrancea-prezenta-la-intrunirea-comitetul-judetean-pentru-situatii-de-urgenta\/","title":{"rendered":"DSP Vrancea, prezent\u0103 la \u00eentrunirea Comitetul Jude\u021bean pentru Situa\u021bii de Urgen\u021b\u0103"},"content":{"rendered":"\n<p>Ast\u0103zi, 30 septembrie 2020, sub conducerea prefectului Gheorghi\u021b\u0103 Berbece, Comitetul Jude\u021bean pentru Situa\u021bii de Urgen\u021b\u0103 Vrancea s-a \u00eentrunit pentru adoptarea unor hot\u0103r\u00e2ri privind suspendarea cursurilor \u015fcolare \u00een unit\u0103\u021bile\/institu\u021biile de \u00eenv\u0103\u021b\u0103m\u00e2nt, \u00een contextul confirm\u0103rii unui caz\/mai multor cazuri de COVID-19. Din partea Direc\u021biei de S\u0103n\u0103tate Public\u0103 Vrancea a fost participat directorul executiv adjunct, dr. Janina Laz\u0103r.Ca urmare a adresei emise de DSP Vrancea cu nr. 17175\/29.09.2020 cu privire la ancheta epidemiologic\u0103 efectuat\u0103 la \u015ecoala Gimnazial\u0103 ,,Valeriu D. Cotea\u201d din comuna Vidra, care a fost \u00eenaintat\u0103 c\u0103tre C.J.S.U. Vrancea \u0219i adresa Inspectoratului \u0218colar Jude\u021bean Vrancea nr. 6745 din data de 30.09.2020, prin care s-a \u00eenaintat propunerea unit\u0103\u021bii de \u00eenv\u0103\u021b\u0103m\u00e2nt, cu privire la modalitatea de desf\u0103\u0219urare a cursurilor, s-a adoptat Hot\u0103r\u00e2rea 99 prin care se constat\u0103 suspendarea cursurilor \u015fcolare pentru Clasa a V-a B \u0219i Clasa a VI-a A, din cadrul \u0218colii Gimnaziale ,,Valeriu D. Cotea\u201d din comuna Vidra, \u00eencep\u00e2nd cu data de 24.09.2020 \u0219i dispune men\u021binerea m\u0103surilor de suspendare a cursurilor \u0219colare pe o perioad\u0103 de 14 zile.\u00cen urma adresei Direc\u021biei de S\u0103n\u0103tate Public\u0103 Vrancea cu nr. 17174\/29.09.2020 cu privire la ancheta epidemiologic\u0103 efectuat\u0103 la Gr\u0103dini\u021ba nr. 18 din municipiul Foc\u0219ani, care a fost \u00eenaintat\u0103 c\u0103tre C.J.S.U. Vrancea \u0219i adresa Inspectoratului \u0218colar Jude\u021bean Vrancea nr. 6745 din data de 30.09.2020 prin care s-a \u00eenaintat propunerea unit\u0103\u021bii de \u00eenv\u0103\u021b\u0103m\u00e2nt, cu privire la modalitatea de desf\u0103\u0219urare a cursurilor, s-a adoptat Hot\u0103r\u00e2rea 100 prin care se constat\u0103 suspendarea cursurilor pentru toate grupele de pre\u015fcolari, din cadrul Gr\u0103dini\u021bei nr. 18 din municipiul Foc\u0219ani, \u00eencep\u00e2nd cu data de 28.09.2020 \u0219i dispune men\u021binerea m\u0103surilor de suspendare a cursurilor pre\u0219colare pe o perioad\u0103 de 14 zile. Adresa Direc\u021biei de S\u0103n\u0103tate Public\u0103 Vrancea cu nr. 17176\/29.09.2020 cu privire la ancheta epidemiologic\u0103 efectuat\u0103 la Gr\u0103dini\u021ba nr. 17 din municipiul Foc\u0219ani, care a fost \u00eenaintat\u0103 c\u0103tre C.J.S.U. Vrancea \u0219i adresa Inspectoratului \u0218colar Jude\u021bean Vrancea nr. 6745 din data de 30.09.2020 prin care s-a \u00eenaintat propunerea unit\u0103\u021bii de \u00eenv\u0103\u021b\u0103m\u00e2nt, cu privire la modalitatea de desf\u0103\u0219urare a cursurilor, au condus la adoptarea Hot\u0103r\u00e2rii Se constat\u0103 suspendarea cursurilor pentru grupa mare de pre\u015fcolari a Gr\u0103dini\u021bei nr. 19 din municipiul Foc\u0219ani, structura a Gr\u0103dini\u021bei nr. 17 din municipiul Foc\u0219ani, \u00eencep\u00e2nd cu data de 26.09.2020 \u0219i dispune men\u021binerea m\u0103surilor de suspendare a cursurilor pre\u0219colare pe o perioad\u0103 de 14 zile. Tot ast\u0103zi, \u00een cadrul \u0219edin\u021bei C.J.C.I., din analiza pe localit\u0103\u021bile din jude\u021b, s-a observat o cre\u0219tere a ratei de inciden\u021b\u0103 cumulate la 14 zile de 3.27 cazuri\/1000 locuitori \u00een comuna P\u0103ule\u0219ti. In urma discutiilor purtate, s-a hotarat:\u2022 Monitorizare activa a cazurilor noi de imbolnavire cu virusul SARS-CoV-2 aparute in localitatea Paulesti pe o perioada de 3-5 zile;\u2022 Intensificarea controalelor in localitate cu accent pe verificarea respectarii masurilor impuse pentru limitarea si combaterea efectelor pandemiei de COVID-19, cu sprijinul agentilor de politie;\u2022 In data 30.09.2020, la sediul Prefecturii Vrancea, au fost convocati reprezentatii Primariei Paulesti si medicii de familie, care asigura asistenta primara de sanatate in localitate, in vederea stabilirii masurilor de limitare si transmitere intracomunitara de COVID-19 in randul locuitorilor ;\u2022 S-a recomandat organizarea de sesiuni de informare a cetatenilor cu privire la respectarea masurilor de protectie igienico-sanitara, cu accent pe portul corect al mastii de protectie faciala care sa acopere complet nasul si gura, respectarea igienei personale, in special igiena mainilor prin spalare cu apa si sapun sau dezinfectarea cu solutii hidro-alcoolice, respectarea distantarii fizice, evitarea constituirii aglomerarilor populationale;\u2022 Dezinfectia spatiilor publice comune cu substante avizate de MS;\u2022 Distribuirea stocurilor neutilizate de masti de protectie faciala si de dezinfectante de maini, care au fost achizitionate pentru utilizarea in ziua votului din 27.09.2020, catre cetatenii din localitate; \u2022 Evitarea aglomerarii si respectarea masurilor de protectie sanitara in mijloacele de transport in comun, in special pe rutile rural-urban;\u2022 Incurajarea declararii corecte a contactilor apropiati in efectuarea anchetelor epidemiologice, motivul fiind limitarea transmiteriibinfectiei cu SARS-CoV-2 in randul populatiei; \u2022 Actiuni de constientizare cu ajutorul reprezentantilor cultelor religioase din zona.<\/p><div id=\"dspvn-448387341\" class=\"dspvn-continut dspvn-entity-placement\" style=\"margin-bottom: 10px;margin-left: auto;margin-right: auto;text-align: center;\"><a href=\"https:\/\/www.fiipregatit.ro\/\" target=\"_blank\" aria-label=\"www.fiipregatit.ro\"><img src=\"https:\/\/www.dspvn.ro\/wp-content\/uploads\/2023\/07\/fiipreg.jpg\" alt=\"www.fiipregatit.ro\"  srcset=\"https:\/\/www.dspvn.ro\/wp-content\/uploads\/2023\/07\/fiipreg.jpg 946w, https:\/\/www.dspvn.ro\/wp-content\/uploads\/2023\/07\/fiipreg-300x25.jpg 300w, https:\/\/www.dspvn.ro\/wp-content\/uploads\/2023\/07\/fiipreg-150x12.jpg 150w, https:\/\/www.dspvn.ro\/wp-content\/uploads\/2023\/07\/fiipreg-768x63.jpg 768w, https:\/\/www.dspvn.ro\/wp-content\/uploads\/2023\/07\/fiipreg-600x49.jpg 600w\" sizes=\"(max-width: 946px) 100vw, 946px\" class=\"no-lazyload\" width=\"800\" height=\"78\"  style=\"display: inline-block;\" \/><\/a><\/div>\n","protected":false},"excerpt":{"rendered":"<p>Ast\u0103zi, 30 septembrie 2020, sub conducerea prefectului Gheorghi\u021b\u0103 Berbece, Comitetul Jude\u021bean pentru Situa\u021bii de Urgen\u021b\u0103 Vrancea s-a \u00eentrunit pentru adoptarea unor hot\u0103r\u00e2ri privind suspendarea cursurilor \u015fcolare \u00een unit\u0103\u021bile\/institu\u021biile de \u00eenv\u0103\u021b\u0103m\u00e2nt, \u00een contextul confirm\u0103rii unui caz\/mai multor cazuri de COVID-19. Din partea Direc\u021biei de S\u0103n\u0103tate Public\u0103 Vrancea a fost participat directorul executiv adjunct, dr. Janina Laz\u0103r.Ca [&hellip;]<\/p>\n","protected":false},"author":2,"featured_media":1424,"comment_status":"closed","ping_status":"open","sticky":false,"template":"","format":"standard","meta":{"_regular_price":[],"currency_symbol":[],"_lmt_disableupdate":"","_lmt_disable":"","footnotes":""},"categories":[1],"tags":[],"class_list":["post-1423","post","type-post","status-publish","format-standard","has-post-thumbnail","hentry","category-uncategorized"],"post_slider_layout_featured_media_urls":{"thumbnail":["https:\/\/www.dspvn.ro\/wp-content\/uploads\/2020\/09\/Janina-Lazar-la-CJSU-150x113.jpg",150,113,true],"post_slider_layout_landscape_large":["https:\/\/www.dspvn.ro\/wp-content\/uploads\/2020\/09\/Janina-Lazar-la-CJSU.jpg",1067,800,false],"post_slider_layout_portrait_large":["https:\/\/www.dspvn.ro\/wp-content\/uploads\/2020\/09\/Janina-Lazar-la-CJSU.jpg",1200,900,false],"post_slider_layout_square_large":["https:\/\/www.dspvn.ro\/wp-content\/uploads\/2020\/09\/Janina-Lazar-la-CJSU.jpg",1200,900,false],"post_slider_layout_landscape":["https:\/\/www.dspvn.ro\/wp-content\/uploads\/2020\/09\/Janina-Lazar-la-CJSU.jpg",533,400,false],"post_slider_layout_portrait":["https:\/\/www.dspvn.ro\/wp-content\/uploads\/2020\/09\/Janina-Lazar-la-CJSU.jpg",600,450,false],"post_slider_layout_square":["https:\/\/www.dspvn.ro\/wp-content\/uploads\/2020\/09\/Janina-Lazar-la-CJSU.jpg",600,450,false],"full":["https:\/\/www.dspvn.ro\/wp-content\/uploads\/2020\/09\/Janina-Lazar-la-CJSU.jpg",1600,1200,false]},"modified_by":null,"_links":{"self":[{"href":"https:\/\/www.dspvn.ro\/index.php\/wp-json\/wp\/v2\/posts\/1423","targetHints":{"allow":["GET"]}}],"collection":[{"href":"https:\/\/www.dspvn.ro\/index.php\/wp-json\/wp\/v2\/posts"}],"about":[{"href":"https:\/\/www.dspvn.ro\/index.php\/wp-json\/wp\/v2\/types\/post"}],"author":[{"embeddable":true,"href":"https:\/\/www.dspvn.ro\/index.php\/wp-json\/wp\/v2\/users\/2"}],"replies":[{"embeddable":true,"href":"https:\/\/www.dspvn.ro\/index.php\/wp-json\/wp\/v2\/comments?post=1423"}],"version-history":[{"count":1,"href":"https:\/\/www.dspvn.ro\/index.php\/wp-json\/wp\/v2\/posts\/1423\/revisions"}],"predecessor-version":[{"id":1425,"href":"https:\/\/www.dspvn.ro\/index.php\/wp-json\/wp\/v2\/posts\/1423\/revisions\/1425"}],"wp:featuredmedia":[{"embeddable":true,"href":"https:\/\/www.dspvn.ro\/index.php\/wp-json\/wp\/v2\/media\/1424"}],"wp:attachment":[{"href":"https:\/\/www.dspvn.ro\/index.php\/wp-json\/wp\/v2\/media?parent=1423"}],"wp:term":[{"taxonomy":"category","embeddable":true,"href":"https:\/\/www.dspvn.ro\/index.php\/wp-json\/wp\/v2\/categories?post=1423"},{"taxonomy":"post_tag","embeddable":true,"href":"https:\/\/www.dspvn.ro\/index.php\/wp-json\/wp\/v2\/tags?post=1423"}],"curies":[{"name":"wp","href":"https:\/\/api.w.org\/{rel}","templated":true}]}}