{"id":1497,"date":"2020-10-15T08:36:32","date_gmt":"2020-10-15T05:36:32","guid":{"rendered":"http:\/\/www.dspvn.ro\/?p=1497"},"modified":"2020-10-15T08:36:32","modified_gmt":"2020-10-15T05:36:32","slug":"comitetul-national-pentru-situatii-de-urgenta-noi-masuri-adoptate-pentru-prevenirea-si-combaterea-efectelor-pandemiei-de-covid-19","status":"publish","type":"post","link":"https:\/\/www.dspvn.ro\/index.php\/2020\/10\/15\/comitetul-national-pentru-situatii-de-urgenta-noi-masuri-adoptate-pentru-prevenirea-si-combaterea-efectelor-pandemiei-de-covid-19\/","title":{"rendered":"Comitetul Na\u021bional pentru Situa\u021bii de Urgen\u021b\u0103, noi m\u0103suri adoptate pentru prevenirea \u0219i combaterea efectelor pandemiei de COVID-19"},"content":{"rendered":"\n<p>Comitetul Na\u021bional pentru Situa\u021bii de Urgen\u021b\u0103, al c\u0103rui pre\u0219edinte este premierul Ludovic Orban, a adoptat Hot\u0103r\u00e2rea nr. 49 din 13.10.2020 privind propunerea prelungirii st\u0103rii de alert\u0103 \u0219i a m\u0103surilor necesar a fi aplicate pe durata acesteia pentru prevenirea \u0219i combaterea efectelor pandemiei de COVID-19. Notorietatea emiterii acestui document vine ca urmare a analiz\u0103rii factorilor de risc privind managementul situa\u021biei de urgen\u021b\u0103 generat\u0103 de virusul SARS-CoV-2, pe teritoriul Rom\u00e2niei la data de 11.10.2020, lu\u00e2nd \u00een considerare persisten\u021ba unui num\u0103r crescut de persoane infectate pe teritoriul na\u021bional, precum \u0219i apari\u021bia zilnic\u0103 a unor cazuri noi de persoane infectate, dar \u0219i \u00een contextul necesit\u0103\u021bii de creare a condi\u021biilor socio \u2013 economice necesare relans\u0103rii graduale a economiei na\u021bionale, concomitent cu men\u021binerea unui nivel de alert\u0103 adecvat la nivelul componentelor Sistemului Na\u021bional de Management al Situa\u021biilor de Urgen\u021b\u0103.<\/p>\n\n\n\n<p>Hot\u0103r\u00e2rea con\u021bine 8 articole \u0219i dou\u0103 anexe cu m\u0103surile de prevenire \u0219i control al infec\u021biilor, m\u0103suri propuse a se aplica pe durata st\u0103rii de alert\u0103. Dintre articolele con\u021binute \u00een hot\u0103r\u00e2re men\u021bion\u0103m necesitatea prelungirii st\u0103rii de alert\u0103 pe \u00eentreg teritoriul na\u021bional, pentru o perioad\u0103 de 30 zile, \u00eencep\u00e2nd cu data de 15.10.2020, m\u0103surile de prevenire \u0219i control a infec\u021biilor generate de virusul SARS-CoV-2, necesar a fi adoptate \u00eencep\u00e2nd cu data de 15.10.2020, \u00een contextul epidemiologic actual, \u0219i care se reg\u0103sesc \u00een Anexa 1, cuprins\u0103 \u00een hot\u0103r\u00e2re, c\u00e2t \u0219i Anexa 2 cu lista \u021b\u0103rilor\/zonelor de risc epidemiologic ridicat pentru care se instituie m\u0103sura carantinei asupra persoanelor care sosesc \u00een Rom\u00e2nia din acestea, \u00een vigoare \u00eencep\u00e2nd tot cu data de 15.10.2020.<\/p>\n\n\n\n<p>Hot\u0103r\u00e2rea nr 49\/13.10.2020 poate fi consultat\u0103 acces\u00e2nd <a href=\"https:\/\/drive.google.com\/file\/d\/1aBSAgUMirexcXhanMJFrOcv_m2rOvUgQ\/view?usp=sharing\">link-ul<\/a>.<\/p><div id=\"dspvn-2085339921\" class=\"dspvn-continut dspvn-entity-placement\" style=\"margin-bottom: 10px;margin-left: auto;margin-right: auto;text-align: center;\"><a href=\"https:\/\/www.fiipregatit.ro\/\" target=\"_blank\" aria-label=\"www.fiipregatit.ro\"><img src=\"https:\/\/www.dspvn.ro\/wp-content\/uploads\/2023\/07\/fiipreg.jpg\" alt=\"www.fiipregatit.ro\"  srcset=\"https:\/\/www.dspvn.ro\/wp-content\/uploads\/2023\/07\/fiipreg.jpg 946w, https:\/\/www.dspvn.ro\/wp-content\/uploads\/2023\/07\/fiipreg-300x25.jpg 300w, https:\/\/www.dspvn.ro\/wp-content\/uploads\/2023\/07\/fiipreg-150x12.jpg 150w, https:\/\/www.dspvn.ro\/wp-content\/uploads\/2023\/07\/fiipreg-768x63.jpg 768w, https:\/\/www.dspvn.ro\/wp-content\/uploads\/2023\/07\/fiipreg-600x49.jpg 600w\" sizes=\"(max-width: 946px) 100vw, 946px\" class=\"no-lazyload\" width=\"800\" height=\"78\"  style=\"display: inline-block;\" \/><\/a><\/div>\n","protected":false},"excerpt":{"rendered":"<p>Comitetul Na\u021bional pentru Situa\u021bii de Urgen\u021b\u0103, al c\u0103rui pre\u0219edinte este premierul Ludovic Orban, a adoptat Hot\u0103r\u00e2rea nr. 49 din 13.10.2020 privind propunerea prelungirii st\u0103rii de alert\u0103 \u0219i a m\u0103surilor necesar a fi aplicate pe durata acesteia pentru prevenirea \u0219i combaterea efectelor pandemiei de COVID-19. Notorietatea emiterii acestui document vine ca urmare a analiz\u0103rii factorilor de [&hellip;]<\/p>\n","protected":false},"author":2,"featured_media":1498,"comment_status":"closed","ping_status":"open","sticky":false,"template":"","format":"standard","meta":{"_regular_price":[],"currency_symbol":[],"_lmt_disableupdate":"","_lmt_disable":"","footnotes":""},"categories":[1],"tags":[],"class_list":["post-1497","post","type-post","status-publish","format-standard","has-post-thumbnail","hentry","category-uncategorized"],"post_slider_layout_featured_media_urls":{"thumbnail":["https:\/\/www.dspvn.ro\/wp-content\/uploads\/2020\/10\/Comitetul-National-pentru-Situatii-de-Urgenta-150x94.jpg",150,94,true],"post_slider_layout_landscape_large":["https:\/\/www.dspvn.ro\/wp-content\/uploads\/2020\/10\/Comitetul-National-pentru-Situatii-de-Urgenta.jpg",640,400,false],"post_slider_layout_portrait_large":["https:\/\/www.dspvn.ro\/wp-content\/uploads\/2020\/10\/Comitetul-National-pentru-Situatii-de-Urgenta.jpg",640,400,false],"post_slider_layout_square_large":["https:\/\/www.dspvn.ro\/wp-content\/uploads\/2020\/10\/Comitetul-National-pentru-Situatii-de-Urgenta.jpg",640,400,false],"post_slider_layout_landscape":["https:\/\/www.dspvn.ro\/wp-content\/uploads\/2020\/10\/Comitetul-National-pentru-Situatii-de-Urgenta.jpg",600,375,false],"post_slider_layout_portrait":["https:\/\/www.dspvn.ro\/wp-content\/uploads\/2020\/10\/Comitetul-National-pentru-Situatii-de-Urgenta.jpg",600,375,false],"post_slider_layout_square":["https:\/\/www.dspvn.ro\/wp-content\/uploads\/2020\/10\/Comitetul-National-pentru-Situatii-de-Urgenta.jpg",600,375,false],"full":["https:\/\/www.dspvn.ro\/wp-content\/uploads\/2020\/10\/Comitetul-National-pentru-Situatii-de-Urgenta.jpg",640,400,false]},"modified_by":null,"_links":{"self":[{"href":"https:\/\/www.dspvn.ro\/index.php\/wp-json\/wp\/v2\/posts\/1497","targetHints":{"allow":["GET"]}}],"collection":[{"href":"https:\/\/www.dspvn.ro\/index.php\/wp-json\/wp\/v2\/posts"}],"about":[{"href":"https:\/\/www.dspvn.ro\/index.php\/wp-json\/wp\/v2\/types\/post"}],"author":[{"embeddable":true,"href":"https:\/\/www.dspvn.ro\/index.php\/wp-json\/wp\/v2\/users\/2"}],"replies":[{"embeddable":true,"href":"https:\/\/www.dspvn.ro\/index.php\/wp-json\/wp\/v2\/comments?post=1497"}],"version-history":[{"count":1,"href":"https:\/\/www.dspvn.ro\/index.php\/wp-json\/wp\/v2\/posts\/1497\/revisions"}],"predecessor-version":[{"id":1499,"href":"https:\/\/www.dspvn.ro\/index.php\/wp-json\/wp\/v2\/posts\/1497\/revisions\/1499"}],"wp:featuredmedia":[{"embeddable":true,"href":"https:\/\/www.dspvn.ro\/index.php\/wp-json\/wp\/v2\/media\/1498"}],"wp:attachment":[{"href":"https:\/\/www.dspvn.ro\/index.php\/wp-json\/wp\/v2\/media?parent=1497"}],"wp:term":[{"taxonomy":"category","embeddable":true,"href":"https:\/\/www.dspvn.ro\/index.php\/wp-json\/wp\/v2\/categories?post=1497"},{"taxonomy":"post_tag","embeddable":true,"href":"https:\/\/www.dspvn.ro\/index.php\/wp-json\/wp\/v2\/tags?post=1497"}],"curies":[{"name":"wp","href":"https:\/\/api.w.org\/{rel}","templated":true}]}}