{"id":1518,"date":"2020-10-20T13:45:14","date_gmt":"2020-10-20T10:45:14","guid":{"rendered":"http:\/\/www.dspvn.ro\/?p=1518"},"modified":"2020-10-20T13:45:14","modified_gmt":"2020-10-20T10:45:14","slug":"rata-de-infectare-in-vrancea-usoara-tendinta-de-scadere-concluzii-si-recomandari-din-partea-dsp-vrancea","status":"publish","type":"post","link":"https:\/\/www.dspvn.ro\/index.php\/2020\/10\/20\/rata-de-infectare-in-vrancea-usoara-tendinta-de-scadere-concluzii-si-recomandari-din-partea-dsp-vrancea\/","title":{"rendered":"Rata de infectare \u00een Vrancea \u2013 u\u0219oar\u0103 tendin\u021b\u0103 de sc\u0103dere. Concluzii \u0219i recomand\u0103ri din partea DSP Vrancea"},"content":{"rendered":"\n<p>Direc\u021bia de S\u0103n\u0103tate Public\u0103 Vrancea a \u00eentocmit o analiz\u0103 de risc epidemiologic, din care rezult\u0103 c\u0103 \u00een perioada 06.10 &#8211; 19.10.2020 s-au \u00eenregistrat \u00a0301 \u00a0cazuri noi, cu o rata de\u00a0 inciden\u021b\u0103 la 14 zile de 0,78 %<strong><sub>00<\/sub><\/strong><sub>. \u00a0<\/sub>Din analiza ratei de inciden\u021b\u0103 la 14 zile se observ\u0103 o u\u015foar\u0103 tendin\u0163\u0103 de sc\u0103dere a num\u0103rului de infect\u0103ri.<\/p>\n\n\n\n<figure class=\"wp-block-image size-large\"><img fetchpriority=\"high\" decoding=\"async\" width=\"1024\" height=\"468\" src=\"http:\/\/www.dspvn.ro\/wp-content\/uploads\/2020\/10\/Foto1-1024x468.jpg\" alt=\"\" class=\"wp-image-1519\" srcset=\"https:\/\/www.dspvn.ro\/wp-content\/uploads\/2020\/10\/Foto1-1024x468.jpg 1024w, https:\/\/www.dspvn.ro\/wp-content\/uploads\/2020\/10\/Foto1-300x137.jpg 300w, https:\/\/www.dspvn.ro\/wp-content\/uploads\/2020\/10\/Foto1-150x69.jpg 150w, https:\/\/www.dspvn.ro\/wp-content\/uploads\/2020\/10\/Foto1-768x351.jpg 768w, https:\/\/www.dspvn.ro\/wp-content\/uploads\/2020\/10\/Foto1-1536x702.jpg 1536w, https:\/\/www.dspvn.ro\/wp-content\/uploads\/2020\/10\/Foto1-2048x936.jpg 2048w, https:\/\/www.dspvn.ro\/wp-content\/uploads\/2020\/10\/Foto1-600x274.jpg 600w\" sizes=\"(max-width: 1024px) 100vw, 1024px\" \/><\/figure>\n\n\n\n<figure class=\"wp-block-image size-large\"><img decoding=\"async\" width=\"1024\" height=\"772\" src=\"http:\/\/www.dspvn.ro\/wp-content\/uploads\/2020\/10\/Foto2-1024x772.jpg\" alt=\"\" class=\"wp-image-1520\" srcset=\"https:\/\/www.dspvn.ro\/wp-content\/uploads\/2020\/10\/Foto2-1024x772.jpg 1024w, https:\/\/www.dspvn.ro\/wp-content\/uploads\/2020\/10\/Foto2-300x226.jpg 300w, https:\/\/www.dspvn.ro\/wp-content\/uploads\/2020\/10\/Foto2-150x113.jpg 150w, https:\/\/www.dspvn.ro\/wp-content\/uploads\/2020\/10\/Foto2-768x579.jpg 768w, https:\/\/www.dspvn.ro\/wp-content\/uploads\/2020\/10\/Foto2-1536x1158.jpg 1536w, https:\/\/www.dspvn.ro\/wp-content\/uploads\/2020\/10\/Foto2-2048x1544.jpg 2048w, https:\/\/www.dspvn.ro\/wp-content\/uploads\/2020\/10\/Foto2-600x452.jpg 600w\" sizes=\"(max-width: 1024px) 100vw, 1024px\" \/><\/figure>\n\n\n\n<figure class=\"wp-block-image size-large\"><img decoding=\"async\" width=\"252\" height=\"1024\" src=\"http:\/\/www.dspvn.ro\/wp-content\/uploads\/2020\/10\/Foto3-252x1024.jpg\" alt=\"\" class=\"wp-image-1521\" srcset=\"https:\/\/www.dspvn.ro\/wp-content\/uploads\/2020\/10\/Foto3-252x1024.jpg 252w, https:\/\/www.dspvn.ro\/wp-content\/uploads\/2020\/10\/Foto3-74x300.jpg 74w, https:\/\/www.dspvn.ro\/wp-content\/uploads\/2020\/10\/Foto3-37x150.jpg 37w, https:\/\/www.dspvn.ro\/wp-content\/uploads\/2020\/10\/Foto3-768x3122.jpg 768w, https:\/\/www.dspvn.ro\/wp-content\/uploads\/2020\/10\/Foto3-378x1536.jpg 378w, https:\/\/www.dspvn.ro\/wp-content\/uploads\/2020\/10\/Foto3-504x2048.jpg 504w, https:\/\/www.dspvn.ro\/wp-content\/uploads\/2020\/10\/Foto3-600x2439.jpg 600w, https:\/\/www.dspvn.ro\/wp-content\/uploads\/2020\/10\/Foto3-scaled.jpg 630w\" sizes=\"(max-width: 252px) 100vw, 252px\" \/><\/figure>\n\n\n\n<p>\u00cen urma analizei ratei inciden\u0163ei cumulate la 14 zile pentru fiecare localitate&nbsp; se &nbsp;&nbsp;&nbsp;&nbsp;&nbsp;&nbsp;&nbsp;&nbsp;&nbsp;&nbsp;&nbsp; constat\u0103 urm\u0103toarele:<\/p>\n\n\n\n<p>* pentru comuna P\u0103ule\u0219ti se \u00eenregistreaz\u0103 o rat\u0103 de inciden\u021b\u0103 cumulat\u0103 la 14 zile de 6,42 cazuri\/1000 locuitori;<\/p>\n\n\n\n<p>* pentru Municipiul&nbsp; Foc\u0219ani \u0219i comunele C\u00e2mpineanca,&nbsp; Corbi\u021ba, Gole\u0219ti, Jari\u0219tea, Movilita, Rugine\u0219ti,&nbsp; Slobozia Cior\u0103\u0219ti, T\u0103t\u0103ranu, Tulnici, \u021aife\u0219ti \u0219i V\u0203n\u01cetori se \u00eenregistreaz\u0103 o rat\u0103 de inciden\u021b\u0103 cumulat\u0103 la 14 zile \u00eentre 1 &#8211; 3\/1000 locuitori;<\/p>\n\n\n\n<p>* pentru restul localit\u0103\u021bilor din jude\u021bul Vrancea se \u00eenregistreaz\u0103 o rat\u0103 de inciden\u021b\u0103 cumulat\u0103 la 14 zile sub 1\/1.000 locuitori;<\/p>\n\n\n\n<p>* se observ\u0103 din monitorizarea zilnic\u0103 a ratei de inciden\u021b\u0103 cumulat\u0103 la 14 zile o sc\u0103dere constant\u0103 a num\u0103rului de infect\u0103ri prin COVID-19&nbsp; \u00een comun\u0103 P\u0103ule\u0219ti;<\/p>\n\n\n\n<p>Se men\u021bine:<\/p>\n\n\n\n<p>&#8211; tendin\u021ba de \u00eemboln\u0103vire COVID-19 datorit\u0103 comportamentelor sociale vicioase;<\/p>\n\n\n\n<p>&#8211; atitudinea de&nbsp; ascundere a&nbsp; detaliilor \u00een desf\u0103\u0219urarea anchetei epidemiologice care&nbsp;&nbsp; duce la o subevaluare a situa\u021biei de risc epidemiologic \u0219i neaplicarea corect\u0103 \u0219i prompt\u0103 a m\u0103surilor de preven\u021bie;<\/p>\n\n\n\n<p>&#8211; nedeclararea corect\u0103 a contactilor direc\u021bi ai cazurilor confirmate \u00een vederea aplic\u0103rii m\u0103surii de carantin\u0103;<\/p>\n\n\n\n<p>&#8211; organizarea petrecerilor private cu num\u0103r mare de participan\u021bi f\u0103r\u0103 respectarea indica\u021biilor legisla\u021biei \u00een vigoare;<\/p>\n\n\n\n<p>&#8211; organizarea de s\u0103rb\u0103tori religioase cu participarea unui num\u0103r mare de enoria\u0219ilor f\u0103r\u0103 portul echipamentului de protec\u021bie sanitar\u0103;<\/p>\n\n\n\n<p><strong>CONCLUZII:<\/strong><\/p>\n\n\n\n<p>* pentru unit\u0103\u021bile de \u00eenv\u0103\u021b\u0103m\u00e2nt din comun\u0103 P\u0103ule\u0219ti se va aplica scenariul 3;<\/p>\n\n\n\n<p>* pentru unit\u0103\u021bile de \u00eenv\u0103\u021b\u0103m\u00e2nt din Municipiul Foc\u0219ani \u0219i comunele comunele C\u00e2mpineanca,&nbsp; Corbi\u021ba, Gole\u0219ti, Jari\u0219tea, Movilita, Rugine\u0219ti,&nbsp; Slobozia Cior\u0103\u0219ti, T\u0103t\u0103ranu, Tulnici, \u021aife\u0219ti \u0219i V\u0203n\u01cetori se va aplica scenariul 2;<\/p>\n\n\n\n<p>* pentru restul localit\u0103\u021bilor din jude\u021bul Vrancea se poate opta pentru scenariul 1 sau scenariul 2, \u00een func\u0163ie de infrastructur\u0103 \u015fi resursele existente la nivelul unit\u0103\u0163ii de \u00eenv\u0103\u0163\u0103m\u00e2nt.<\/p>\n\n\n\n<p>* hot\u0103r\u00e2rile privind scenariul de func\u0163ionare pe parcursul anului \u015fcolar se actualizeaz\u0103 s\u0103pt\u0103m\u00e2nal sau ori de c\u00e2te ori este nevoie;<\/p>\n\n\n\n<p>* av\u00e2nd \u00een vedere proximitatea localit\u0103\u021bii C\u00e2mpineanca de Municipiul Foc\u0219ani, cre\u0219terea&nbsp; ratei de inciden\u021b\u0103 la 14 zile se poate datora expunerii&nbsp; la locul de munc\u0103 sau datorit\u0103 altor activit\u0103\u021bi sociale sau non-sociale (ex. expunere la cump\u0103r\u0103turi \u00een centrele comerciale sau pia\u021b\u0103, promenada \u00een parc sau relaxare social\u0103 la terase, expunerea \u00een locasele de cult urbane, folosirea mijloacelor de transport \u00een comun urban-rural, etc.);<\/p>\n\n\n\n<p>* \u00een urma analizei ratei de inciden\u021b\u0103 la 14 zile se men\u021bine o cre\u0219tere de peste 3 cazuri\/1000 locuitori, \u00een comuna P\u0103ule\u0219ti \u0219i \u00een coroborare cu anchetele epidemiologice declan\u0219ate la cazurile confirmate se identific\u0103 o transmitere comunitar\u0103 de COVID-19 \u00een r\u00e2ndul locuitorilor.<\/p>\n\n\n\n<p><strong><u>RECOMAND\u0102RI<\/u><\/strong><\/p>\n\n\n\n<p><strong>*(<\/strong><strong><em>pentru localit\u0103\u021bile \u00een care rate incidentei cumulate la 14 zile este peste 3\/1000 locuitori)<\/em><\/strong>:<strong><\/strong><\/p>\n\n\n\n<p>&#8211; analizarea&nbsp; instituirii carantinei zonale pentru comun\u0103 P\u0103ule\u0219ti;<\/p>\n\n\n\n<p>sau<\/p>\n\n\n\n<p>&#8211; monitorizare activ\u0103 a cazurilor de \u00eemboln\u0103vire prin COVID-19 \u00een localitatea P\u0103ule\u0219ti \u0219i efectuarea analizei de risc epidemiologic cu frecven\u021ba zilnic\u0103 \u00een vederea reanaliz\u0103rii reale a situa\u021biei de risc epidemiologic de la nivel local \u0219i aplicarea m\u0103surilor suplimentare de limitarea a transmiterii comunitare dac\u0103 riscul epidemiologic se men\u021bine;<\/p>\n\n\n\n<p>&#8211; intensificarea controalelor \u00een localitatea P\u0103ule\u0219ti, cu sprijinul&nbsp; structurilor MAI, cu accent pe verificarea respect\u0103rii m\u0103surilor impuse pentru limitarea \u0219i combaterea efectelor pandemiei de COVID-19;&nbsp;<\/p>\n\n\n\n<p>&#8211; intensificarea m\u0103surilor de control pe verificarea respect\u0103rii m\u0103surilor impuse pentru limitarea \u0219i combaterea efectelor pandemiei de COVID-19 \u00een institu\u021biile publice \u0219i private cu ajutorul angaja\u021bilor structurilor MAI sau prin constituirea de echipe mixte de control;<\/p>\n\n\n\n<p>&#8211; promovarea unei atitudini preventive din partea popula\u021biei prin inform\u0103ri regulate prin reprezentan\u021bii UAT-urilor;<\/p>\n\n\n\n<p>&#8211; intensificarea m\u0103surilor de control pe verificarea respect\u0103rii m\u0103surilor impuse pentru limitarea \u0219i combaterea efectelor pandemiei de COVID-19 \u00een mijloacele de transport \u00een comun;<\/p>\n\n\n\n<p>&#8211; monitorizarea zilnic\u0103 a evolu\u021biei ratei de inciden\u021b\u0103 cumulate \u00een aceste localit\u0103\u021bi;<\/p>\n\n\n\n<p>&#8211; monitorizarea zilnic\u0103 a respect\u0103rii m\u0103surii de izolare\/carantin\u0103 la domiciliu prin structurile MAI;<\/p>\n\n\n\n<p>&#8211; interzicerea organiz\u0103rii petrecerilor private \u00een spa\u021bii publice;<\/p>\n\n\n\n<p>&#8211; interzicerea organiz\u0103rii t\u00e2rgurilor sau a altor activit\u0103\u021bi organizate cu num\u0103r mare de participan\u021bi;<\/p>\n\n\n\n<p>&#8211; instituirea&nbsp; obligativit\u0103\u021bii portului m\u0103\u0219tii de protec\u021bie \u00een spa\u021biile publice \u00eenchise \u0219i deschise, spa\u021bii comerciale, mijloace de transport \u00een comun \u0219i la locul de munc\u0103;<\/p>\n\n\n\n<p>&#8211; s\u0103 se asigure la intrarea \u00een sediul institu\u021biilor \u0219i autorit\u0103\u021bilor publice, operatorilor economici \u0219i profesioni\u0219tilor, \u00een mod obligatoriu, triajul epidemiologic \u0219i dezinfectarea obligatorie a m\u00e2inilor at\u00e2t pentru personalul propriu c\u00e2t \u0219i pentru vizitatori;<\/p>\n\n\n\n<p>&#8211; continuarea campaniilor de instruire cu privire la m\u0103surile de prevenire \u0219i control a infec\u021bie SARS-CoV-2 \u00een unit\u0103\u021bile de \u00eenv\u0103\u021b\u0103m\u00e2nt;<\/p>\n\n\n\n<p><strong><em>*(<\/em><\/strong><strong><em>pentru localit\u0103\u021bile \u00een care rate incidentei cumulate la 14 zile este peste 1,5\/1000 locuitori)<\/em><\/strong>:<\/p>\n\n\n\n<p>&#8211; intensificarea m\u0103surilor de control pe verificarea respect\u0103rii m\u0103surilor impuse pentru limitarea \u0219i combaterea efectelor pandemiei de COVID-19 \u00een institu\u021biile publice \u0219i private cu ajutorul angaja\u021bilor structurilor MAI sau prin constituirea de echipe mixte de control;<\/p>\n\n\n\n<p>&#8211; promovarea unei atitudini preventive din partea popula\u021biei prin inform\u0103ri regulate prin reprezentan\u021bii UAT-urilor;<\/p>\n\n\n\n<p>&#8211; intensificarea m\u0103surilor de control pe verificarea respect\u0103rii m\u0103surilor impuse pentru limitarea \u0219i combaterea efectelor pandemiei de COVID-19 \u00een mijloacele de transport \u00een comun;<\/p>\n\n\n\n<p>&#8211; monitorizarea zilnic\u0103 a evolu\u021biei ratei de inciden\u021b\u0103 cumulate \u00een aceste localit\u0103\u021bi;<\/p>\n\n\n\n<p>&#8211; monitorizarea zilnic\u0103 a respect\u0103rii m\u0103surii de izolare\/carantin\u0103 la domiciliu prin structurile MAI;<\/p>\n\n\n\n<p>&#8211; interzicerea organiz\u0103rii petrecerilor private \u00een spa\u021bii publice; &#8211; continuarea campaniilor de instruire cu privire la m\u0103surile de prevenire \u0219i control a infec\u021bie SARS-CoV-2 \u00een unit\u0103\u021bile de \u00eenv\u0103\u021b\u0103m\u00e2nt.<\/p><div id=\"dspvn-2446407169\" class=\"dspvn-continut dspvn-entity-placement\" style=\"margin-bottom: 10px;margin-left: auto;margin-right: auto;text-align: center;\"><a href=\"https:\/\/www.fiipregatit.ro\/\" target=\"_blank\" aria-label=\"www.fiipregatit.ro\"><img src=\"https:\/\/www.dspvn.ro\/wp-content\/uploads\/2023\/07\/fiipreg.jpg\" alt=\"www.fiipregatit.ro\"  srcset=\"https:\/\/www.dspvn.ro\/wp-content\/uploads\/2023\/07\/fiipreg.jpg 946w, https:\/\/www.dspvn.ro\/wp-content\/uploads\/2023\/07\/fiipreg-300x25.jpg 300w, https:\/\/www.dspvn.ro\/wp-content\/uploads\/2023\/07\/fiipreg-150x12.jpg 150w, https:\/\/www.dspvn.ro\/wp-content\/uploads\/2023\/07\/fiipreg-768x63.jpg 768w, https:\/\/www.dspvn.ro\/wp-content\/uploads\/2023\/07\/fiipreg-600x49.jpg 600w\" sizes=\"(max-width: 946px) 100vw, 946px\" class=\"no-lazyload\" width=\"800\" height=\"78\"  style=\"display: inline-block;\" \/><\/a><\/div>\n","protected":false},"excerpt":{"rendered":"<p>Direc\u021bia de S\u0103n\u0103tate Public\u0103 Vrancea a \u00eentocmit o analiz\u0103 de risc epidemiologic, din care rezult\u0103 c\u0103 \u00een perioada 06.10 &#8211; 19.10.2020 s-au \u00eenregistrat \u00a0301 \u00a0cazuri noi, cu o rata de\u00a0 inciden\u021b\u0103 la 14 zile de 0,78 %00. \u00a0Din analiza ratei de inciden\u021b\u0103 la 14 zile se observ\u0103 o u\u015foar\u0103 tendin\u0163\u0103 de sc\u0103dere a num\u0103rului de [&hellip;]<\/p>\n","protected":false},"author":2,"featured_media":1520,"comment_status":"closed","ping_status":"open","sticky":false,"template":"","format":"standard","meta":{"_regular_price":[],"currency_symbol":[],"_lmt_disableupdate":"","_lmt_disable":"","footnotes":""},"categories":[1],"tags":[],"class_list":["post-1518","post","type-post","status-publish","format-standard","has-post-thumbnail","hentry","category-uncategorized"],"post_slider_layout_featured_media_urls":{"thumbnail":["https:\/\/www.dspvn.ro\/wp-content\/uploads\/2020\/10\/Foto2-150x113.jpg",150,113,true],"post_slider_layout_landscape_large":["https:\/\/www.dspvn.ro\/wp-content\/uploads\/2020\/10\/Foto2.jpg",1061,800,false],"post_slider_layout_portrait_large":["https:\/\/www.dspvn.ro\/wp-content\/uploads\/2020\/10\/Foto2.jpg",1200,905,false],"post_slider_layout_square_large":["https:\/\/www.dspvn.ro\/wp-content\/uploads\/2020\/10\/Foto2.jpg",1200,905,false],"post_slider_layout_landscape":["https:\/\/www.dspvn.ro\/wp-content\/uploads\/2020\/10\/Foto2.jpg",531,400,false],"post_slider_layout_portrait":["https:\/\/www.dspvn.ro\/wp-content\/uploads\/2020\/10\/Foto2.jpg",600,452,false],"post_slider_layout_square":["https:\/\/www.dspvn.ro\/wp-content\/uploads\/2020\/10\/Foto2.jpg",600,452,false],"full":["https:\/\/www.dspvn.ro\/wp-content\/uploads\/2020\/10\/Foto2.jpg",2085,1572,false]},"modified_by":null,"_links":{"self":[{"href":"https:\/\/www.dspvn.ro\/index.php\/wp-json\/wp\/v2\/posts\/1518","targetHints":{"allow":["GET"]}}],"collection":[{"href":"https:\/\/www.dspvn.ro\/index.php\/wp-json\/wp\/v2\/posts"}],"about":[{"href":"https:\/\/www.dspvn.ro\/index.php\/wp-json\/wp\/v2\/types\/post"}],"author":[{"embeddable":true,"href":"https:\/\/www.dspvn.ro\/index.php\/wp-json\/wp\/v2\/users\/2"}],"replies":[{"embeddable":true,"href":"https:\/\/www.dspvn.ro\/index.php\/wp-json\/wp\/v2\/comments?post=1518"}],"version-history":[{"count":1,"href":"https:\/\/www.dspvn.ro\/index.php\/wp-json\/wp\/v2\/posts\/1518\/revisions"}],"predecessor-version":[{"id":1522,"href":"https:\/\/www.dspvn.ro\/index.php\/wp-json\/wp\/v2\/posts\/1518\/revisions\/1522"}],"wp:featuredmedia":[{"embeddable":true,"href":"https:\/\/www.dspvn.ro\/index.php\/wp-json\/wp\/v2\/media\/1520"}],"wp:attachment":[{"href":"https:\/\/www.dspvn.ro\/index.php\/wp-json\/wp\/v2\/media?parent=1518"}],"wp:term":[{"taxonomy":"category","embeddable":true,"href":"https:\/\/www.dspvn.ro\/index.php\/wp-json\/wp\/v2\/categories?post=1518"},{"taxonomy":"post_tag","embeddable":true,"href":"https:\/\/www.dspvn.ro\/index.php\/wp-json\/wp\/v2\/tags?post=1518"}],"curies":[{"name":"wp","href":"https:\/\/api.w.org\/{rel}","templated":true}]}}