{"id":1545,"date":"2020-10-29T09:18:14","date_gmt":"2020-10-29T06:18:14","guid":{"rendered":"http:\/\/www.dspvn.ro\/?p=1545"},"modified":"2020-10-29T09:18:14","modified_gmt":"2020-10-29T06:18:14","slug":"noi-reglementari-privind-aplicarea-masurilor-in-domeniul-sanatatii-publice-in-situatii-de-risc-epidemiologic-de-infectare-cu-virusul-sars-cov-2","status":"publish","type":"post","link":"https:\/\/www.dspvn.ro\/index.php\/2020\/10\/29\/noi-reglementari-privind-aplicarea-masurilor-in-domeniul-sanatatii-publice-in-situatii-de-risc-epidemiologic-de-infectare-cu-virusul-sars-cov-2\/","title":{"rendered":"Noi reglement\u0103ri privind aplicarea m\u0103surilor \u00een domeniul s\u0103n\u0103t\u0103\u0163ii publice \u00een situa\u0163ii de risc epidemiologic de infectare cu virusul SARS-CoV-2"},"content":{"rendered":"\n<p>Nelu T\u0103taru, ministrul S\u0103n\u0103t\u0103\u021bii, a aprobat Ordinul privind modificarea \u0219i completarea Ordinului ministrului s\u0103n\u0103t\u0103\u021bii nr. 1.513\/2020 pentru aprobarea planurilor privind modalitatea de aplicare de c\u0103tre direc\u0163iile de s\u0103n\u0103tate public\u0103 jude\u0163ene \u015fi a municipiului Bucure\u015fti, de c\u0103tre Institutul Na\u0163ional de S\u0103n\u0103tate Public\u0103, de c\u0103tre unit\u0103\u0163ile sanitare, precum \u015fi de c\u0103tre serviciile de ambulan\u0163\u0103 jude\u0163ene \u015fi Serviciul de Ambulan\u0163\u0103 Bucure\u015fti-Ilfov \u015fi de medicii de familie a m\u0103surilor \u00een domeniul s\u0103n\u0103t\u0103\u0163ii publice \u00een situa\u0163ii de risc epidemiologic de infectare cu virusul SARS-CoV-2.<\/p>\n\n\n\n<p>Conform documentului, pacientul pozitiv SARS-COV-2 nu mai trebuie retestat RT-PCR timp de 90 zile de la vindecare, cu excep\u021bia persoanelor cu imunodepresii severe sau a celor care dezvolt\u0103 simptomatologie clar sugestiv\u0103. Dac\u0103 retestarea totu\u0219i se petrece, un rezultat pozitiv \u00een perioada de 90 de zile de la vindecare nu poate fi considerat o nou\u0103 infec\u021bie, cu excep\u021bia persoanelor cu imunodepresii severe sau a celor care dezvolt\u0103 simptomatologie clar sugestiv\u0103.<\/p>\n\n\n\n<p>Pentru triajul simptomaticilor, conform defini\u021biei de caz, \u00een UPU\/CPU, av\u00e2nd \u00een vedere necesitatea de a descongestiona c\u00e2t mai rapid, dar \u0219i \u00een siguran\u021b\u0103, aceste zone s-a creat cadrul legal pentru utilizarea testelor de detec\u021bie a antigenelor SARS CoV-2.<\/p>\n\n\n\n<p>Concomitent cu testul rapid se va face \u0219i recoltare pentru RT-PCR. Pacien\u021bii cu rezultat pozitiv la testul rapid vor fi izola\u021bi imediat \u00een zonele Covid; pacien\u021bii cu rezultat negativ la testul rapid vor fi men\u021binu\u021bi \u00een zona tampon dac\u0103 prezint\u0103 simptome care necesit\u0103 spitalizare; dac\u0103 nu necesit\u0103 spitalizare, ace\u0219tia vor fi l\u0103sa\u021bi la domiciliu p\u00e2n\u0103 la primirea rezultatului RT-PCR. Pentru asimptomatici nu se recomand\u0103 la acest moment utilizarea testelor rapide.<\/p>\n\n\n\n<p>P\u00e2n\u0103 la confirmarea infec\u021biei cu o boal\u0103 infectocontagioas\u0103, persoanele care prezint\u0103 semne \u015fi simptome sugestive specifice defini\u0163iei de caz, se izoleaz\u0103 la domiciliu sau la o alt\u0103 loca\u0163ie aleas\u0103 de aceasta. \u00cen aces caz, persoanele aflate \u00een aceast\u0103 situa\u021bie, au obliga\u021bia de a contacta \u0219i informa medicul de familie despre ipoteza \u00een care se afl\u0103, inclusiv cu privire la locul \u00een care au decis s\u0103 se izoleze. Medicul de familie are obliga\u021bia lu\u0103rii \u00een eviden\u021b\u0103 \u0219i monitoriz\u0103rii st\u0103rii de s\u0103n\u0103tate a persoanelor respective \u015fi transmite direc\u021biei de s\u0103n\u0103tate public\u0103 fi\u0219a de monitorizare a persoanei izolate pe baza Fi\u0219ei de monitorizare.<\/p>\n\n\n\n<p>Ordinul de ministru prevede \u0219i modific\u0103ri ale traseului pacientului depistat pozitiv la noul coronavirus.<\/p>\n\n\n\n<p>Pentru mai multe informa\u021bii, accesa\u021bi link-ul <a href=\"http:\/\/www.ms.ro\/2020\/10\/28\/ordin-privind-modificarea-si-completarea-ordinului-ministrului-sanatatii-nr-1-513-2020\/\">http:\/\/www.ms.ro\/2020\/10\/28\/ordin-privind-modificarea-si-completarea-ordinului-ministrului-sanatatii-nr-1-513-2020\/<\/a><\/p><div id=\"dspvn-4293287933\" class=\"dspvn-continut dspvn-entity-placement\" style=\"margin-bottom: 10px;margin-left: auto;margin-right: auto;text-align: center;\"><a href=\"https:\/\/www.fiipregatit.ro\/\" target=\"_blank\" aria-label=\"www.fiipregatit.ro\"><img src=\"https:\/\/www.dspvn.ro\/wp-content\/uploads\/2023\/07\/fiipreg.jpg\" alt=\"www.fiipregatit.ro\"  srcset=\"https:\/\/www.dspvn.ro\/wp-content\/uploads\/2023\/07\/fiipreg.jpg 946w, https:\/\/www.dspvn.ro\/wp-content\/uploads\/2023\/07\/fiipreg-300x25.jpg 300w, https:\/\/www.dspvn.ro\/wp-content\/uploads\/2023\/07\/fiipreg-150x12.jpg 150w, https:\/\/www.dspvn.ro\/wp-content\/uploads\/2023\/07\/fiipreg-768x63.jpg 768w, https:\/\/www.dspvn.ro\/wp-content\/uploads\/2023\/07\/fiipreg-600x49.jpg 600w\" sizes=\"(max-width: 946px) 100vw, 946px\" class=\"no-lazyload\" width=\"800\" height=\"78\"  style=\"display: inline-block;\" \/><\/a><\/div>\n","protected":false},"excerpt":{"rendered":"<p>Nelu T\u0103taru, ministrul S\u0103n\u0103t\u0103\u021bii, a aprobat Ordinul privind modificarea \u0219i completarea Ordinului ministrului s\u0103n\u0103t\u0103\u021bii nr. 1.513\/2020 pentru aprobarea planurilor privind modalitatea de aplicare de c\u0103tre direc\u0163iile de s\u0103n\u0103tate public\u0103 jude\u0163ene \u015fi a municipiului Bucure\u015fti, de c\u0103tre Institutul Na\u0163ional de S\u0103n\u0103tate Public\u0103, de c\u0103tre unit\u0103\u0163ile sanitare, precum \u015fi de c\u0103tre serviciile de ambulan\u0163\u0103 jude\u0163ene \u015fi Serviciul [&hellip;]<\/p>\n","protected":false},"author":2,"featured_media":1007,"comment_status":"closed","ping_status":"open","sticky":false,"template":"","format":"standard","meta":{"_regular_price":[],"currency_symbol":[],"_lmt_disableupdate":"","_lmt_disable":"","footnotes":""},"categories":[1],"tags":[],"class_list":["post-1545","post","type-post","status-publish","format-standard","has-post-thumbnail","hentry","category-uncategorized"],"post_slider_layout_featured_media_urls":{"thumbnail":["https:\/\/www.dspvn.ro\/wp-content\/uploads\/2020\/07\/Nelu-Tataru-conferinta-150x85.jpg",150,85,true],"post_slider_layout_landscape_large":["https:\/\/www.dspvn.ro\/wp-content\/uploads\/2020\/07\/Nelu-Tataru-conferinta.jpg",780,440,false],"post_slider_layout_portrait_large":["https:\/\/www.dspvn.ro\/wp-content\/uploads\/2020\/07\/Nelu-Tataru-conferinta.jpg",780,440,false],"post_slider_layout_square_large":["https:\/\/www.dspvn.ro\/wp-content\/uploads\/2020\/07\/Nelu-Tataru-conferinta.jpg",780,440,false],"post_slider_layout_landscape":["https:\/\/www.dspvn.ro\/wp-content\/uploads\/2020\/07\/Nelu-Tataru-conferinta.jpg",600,338,false],"post_slider_layout_portrait":["https:\/\/www.dspvn.ro\/wp-content\/uploads\/2020\/07\/Nelu-Tataru-conferinta.jpg",600,338,false],"post_slider_layout_square":["https:\/\/www.dspvn.ro\/wp-content\/uploads\/2020\/07\/Nelu-Tataru-conferinta.jpg",600,338,false],"full":["https:\/\/www.dspvn.ro\/wp-content\/uploads\/2020\/07\/Nelu-Tataru-conferinta.jpg",780,440,false]},"modified_by":null,"_links":{"self":[{"href":"https:\/\/www.dspvn.ro\/index.php\/wp-json\/wp\/v2\/posts\/1545","targetHints":{"allow":["GET"]}}],"collection":[{"href":"https:\/\/www.dspvn.ro\/index.php\/wp-json\/wp\/v2\/posts"}],"about":[{"href":"https:\/\/www.dspvn.ro\/index.php\/wp-json\/wp\/v2\/types\/post"}],"author":[{"embeddable":true,"href":"https:\/\/www.dspvn.ro\/index.php\/wp-json\/wp\/v2\/users\/2"}],"replies":[{"embeddable":true,"href":"https:\/\/www.dspvn.ro\/index.php\/wp-json\/wp\/v2\/comments?post=1545"}],"version-history":[{"count":1,"href":"https:\/\/www.dspvn.ro\/index.php\/wp-json\/wp\/v2\/posts\/1545\/revisions"}],"predecessor-version":[{"id":1546,"href":"https:\/\/www.dspvn.ro\/index.php\/wp-json\/wp\/v2\/posts\/1545\/revisions\/1546"}],"wp:featuredmedia":[{"embeddable":true,"href":"https:\/\/www.dspvn.ro\/index.php\/wp-json\/wp\/v2\/media\/1007"}],"wp:attachment":[{"href":"https:\/\/www.dspvn.ro\/index.php\/wp-json\/wp\/v2\/media?parent=1545"}],"wp:term":[{"taxonomy":"category","embeddable":true,"href":"https:\/\/www.dspvn.ro\/index.php\/wp-json\/wp\/v2\/categories?post=1545"},{"taxonomy":"post_tag","embeddable":true,"href":"https:\/\/www.dspvn.ro\/index.php\/wp-json\/wp\/v2\/tags?post=1545"}],"curies":[{"name":"wp","href":"https:\/\/api.w.org\/{rel}","templated":true}]}}