{"id":2896,"date":"2021-05-18T14:45:13","date_gmt":"2021-05-18T11:45:13","guid":{"rendered":"http:\/\/www.dspvn.ro\/?p=2896"},"modified":"2021-05-18T14:45:13","modified_gmt":"2021-05-18T11:45:13","slug":"dsp-vrancea-la-sedinta-grupului-tehnic-operativ-covid-19-din-18-mai-2021","status":"publish","type":"post","link":"https:\/\/www.dspvn.ro\/index.php\/2021\/05\/18\/dsp-vrancea-la-sedinta-grupului-tehnic-operativ-covid-19-din-18-mai-2021\/","title":{"rendered":"DSP Vrancea, la \u0219edin\u021ba Grupului Tehnic \u201dOperativ COVID-19\u201d din 18 mai 2021"},"content":{"rendered":"\n<p>Subiectele \u0219edin\u021bei, \u00eentrunite de c\u0103tre prefectul jude\u021bului Vrancea, Gheorghi\u021b\u0103 Berbece, la care au participat dr. C\u0103t\u0103lin Bunghez, director executiv al DSP Vrancea, \u0219i membrii de drept ai grupului, s-au axat pe modific\u0103rile pentru aprobarea m\u0103surilor de organizare a activit\u0103\u0163ii \u00een cadrul unit\u0103\u0163ilor\/ institu\u0163iilor de \u00eenv\u0103\u0163\u0103m\u00e2nt, \u00een noul context epidemiologic, de sc\u0103dere a ratei de infectare.Unit\u0103\u021bile \u0219colare vor relua cursurile \u00een baza Hot\u0103r\u00e2rilor aprobate de C.J.S.U. Vrancea, \u00een momentul \u00een care rata de inciden\u021b\u0103 pe localitate va sc\u0103dea sub valoarea de 1,00 la mia de locuitori. Sunt eliminate scenariile s\u0103pt\u0103m\u00e2nale, iar elevii se vor putea \u00eentoarce mult mai repede la \u0219coal\u0103. Inspectoratul \u0218colar Jude\u021bean Vrancea \u0219i Direc\u021bia de S\u0103n\u0103tate Public\u0103 Vrancea vor monitoriza zilnic rata de inciden\u021b\u0103 pe raza localit\u0103\u021bilor din jude\u021b \u0219i vor propune intrarea \u00een scenariul verde sau galben, dup\u0103 caz, ori de c\u00e2te ori aceasta va suferi modific\u0103ri conform limitelor stabilite prin actele normative.<\/p><div id=\"dspvn-4274774673\" class=\"dspvn-continut dspvn-entity-placement\" style=\"margin-bottom: 10px;margin-left: auto;margin-right: auto;text-align: center;\"><a href=\"https:\/\/www.fiipregatit.ro\/\" target=\"_blank\" aria-label=\"www.fiipregatit.ro\"><img src=\"https:\/\/www.dspvn.ro\/wp-content\/uploads\/2023\/07\/fiipreg.jpg\" alt=\"www.fiipregatit.ro\"  srcset=\"https:\/\/www.dspvn.ro\/wp-content\/uploads\/2023\/07\/fiipreg.jpg 946w, https:\/\/www.dspvn.ro\/wp-content\/uploads\/2023\/07\/fiipreg-300x25.jpg 300w, https:\/\/www.dspvn.ro\/wp-content\/uploads\/2023\/07\/fiipreg-150x12.jpg 150w, https:\/\/www.dspvn.ro\/wp-content\/uploads\/2023\/07\/fiipreg-768x63.jpg 768w, https:\/\/www.dspvn.ro\/wp-content\/uploads\/2023\/07\/fiipreg-600x49.jpg 600w\" sizes=\"(max-width: 946px) 100vw, 946px\" class=\"no-lazyload\" width=\"800\" height=\"78\"  style=\"display: inline-block;\" \/><\/a><\/div>\n","protected":false},"excerpt":{"rendered":"<p>Subiectele \u0219edin\u021bei, \u00eentrunite de c\u0103tre prefectul jude\u021bului Vrancea, Gheorghi\u021b\u0103 Berbece, la care au participat dr. C\u0103t\u0103lin Bunghez, director executiv al DSP Vrancea, \u0219i membrii de drept ai grupului, s-au axat pe modific\u0103rile pentru aprobarea m\u0103surilor de organizare a activit\u0103\u0163ii \u00een cadrul unit\u0103\u0163ilor\/ institu\u0163iilor de \u00eenv\u0103\u0163\u0103m\u00e2nt, \u00een noul context epidemiologic, de sc\u0103dere a ratei de infectare.Unit\u0103\u021bile [&hellip;]<\/p>\n","protected":false},"author":2,"featured_media":2897,"comment_status":"closed","ping_status":"open","sticky":false,"template":"","format":"standard","meta":{"_regular_price":[],"currency_symbol":[],"_lmt_disableupdate":"","_lmt_disable":"","footnotes":""},"categories":[1],"tags":[],"class_list":["post-2896","post","type-post","status-publish","format-standard","has-post-thumbnail","hentry","category-uncategorized"],"post_slider_layout_featured_media_urls":{"thumbnail":["https:\/\/www.dspvn.ro\/wp-content\/uploads\/2021\/05\/187269219_2844948449103964_6071016504160180794_n-150x68.jpg",150,68,true],"post_slider_layout_landscape_large":["https:\/\/www.dspvn.ro\/wp-content\/uploads\/2021\/05\/187269219_2844948449103964_6071016504160180794_n.jpg",1200,540,false],"post_slider_layout_portrait_large":["https:\/\/www.dspvn.ro\/wp-content\/uploads\/2021\/05\/187269219_2844948449103964_6071016504160180794_n.jpg",1200,540,false],"post_slider_layout_square_large":["https:\/\/www.dspvn.ro\/wp-content\/uploads\/2021\/05\/187269219_2844948449103964_6071016504160180794_n.jpg",1200,540,false],"post_slider_layout_landscape":["https:\/\/www.dspvn.ro\/wp-content\/uploads\/2021\/05\/187269219_2844948449103964_6071016504160180794_n.jpg",600,270,false],"post_slider_layout_portrait":["https:\/\/www.dspvn.ro\/wp-content\/uploads\/2021\/05\/187269219_2844948449103964_6071016504160180794_n.jpg",600,270,false],"post_slider_layout_square":["https:\/\/www.dspvn.ro\/wp-content\/uploads\/2021\/05\/187269219_2844948449103964_6071016504160180794_n.jpg",600,270,false],"full":["https:\/\/www.dspvn.ro\/wp-content\/uploads\/2021\/05\/187269219_2844948449103964_6071016504160180794_n.jpg",1422,640,false]},"modified_by":null,"_links":{"self":[{"href":"https:\/\/www.dspvn.ro\/index.php\/wp-json\/wp\/v2\/posts\/2896","targetHints":{"allow":["GET"]}}],"collection":[{"href":"https:\/\/www.dspvn.ro\/index.php\/wp-json\/wp\/v2\/posts"}],"about":[{"href":"https:\/\/www.dspvn.ro\/index.php\/wp-json\/wp\/v2\/types\/post"}],"author":[{"embeddable":true,"href":"https:\/\/www.dspvn.ro\/index.php\/wp-json\/wp\/v2\/users\/2"}],"replies":[{"embeddable":true,"href":"https:\/\/www.dspvn.ro\/index.php\/wp-json\/wp\/v2\/comments?post=2896"}],"version-history":[{"count":1,"href":"https:\/\/www.dspvn.ro\/index.php\/wp-json\/wp\/v2\/posts\/2896\/revisions"}],"predecessor-version":[{"id":2898,"href":"https:\/\/www.dspvn.ro\/index.php\/wp-json\/wp\/v2\/posts\/2896\/revisions\/2898"}],"wp:featuredmedia":[{"embeddable":true,"href":"https:\/\/www.dspvn.ro\/index.php\/wp-json\/wp\/v2\/media\/2897"}],"wp:attachment":[{"href":"https:\/\/www.dspvn.ro\/index.php\/wp-json\/wp\/v2\/media?parent=2896"}],"wp:term":[{"taxonomy":"category","embeddable":true,"href":"https:\/\/www.dspvn.ro\/index.php\/wp-json\/wp\/v2\/categories?post=2896"},{"taxonomy":"post_tag","embeddable":true,"href":"https:\/\/www.dspvn.ro\/index.php\/wp-json\/wp\/v2\/tags?post=2896"}],"curies":[{"name":"wp","href":"https:\/\/api.w.org\/{rel}","templated":true}]}}