{"id":342,"date":"2020-04-30T11:37:21","date_gmt":"2020-04-30T08:37:21","guid":{"rendered":"http:\/\/www.dspvn.ro\/?p=342"},"modified":"2020-05-11T11:37:50","modified_gmt":"2020-05-11T08:37:50","slug":"dsp-vrancea-recomanda-1-mai-responsabil","status":"publish","type":"post","link":"https:\/\/www.dspvn.ro\/index.php\/2020\/04\/30\/dsp-vrancea-recomanda-1-mai-responsabil\/","title":{"rendered":"DSP Vrancea recomand\u0103: 1 Mai responsabil !"},"content":{"rendered":"\n<p>      \u00cen contextul \u00een care de 1 Mai, Ziua Interna\u021bional\u0103 a Muncii, oamenii marcau acest eveniment prin diverse activit\u0103\u021bi de relaxare, mici excursii sau deplas\u0103ri \u00een alte localit\u0103\u021bi, DSP Vrancea recomand\u0103 cu celeritate men\u021binerea distan\u021b\u0103rii sociale, ca m\u0103sur\u0103 principal\u0103 a limit\u0103rii r\u0103sp\u00e2ndirii COVID-19. Reamintim c\u0103 \u00een aceast\u0103 perioad\u0103 de 1 &#8211; 3 mai &#8211; care pentru unii poate p\u0103rea o minivacan\u021b\u0103 &#8211; nu se fac excep\u021bii de la men\u021binerea st\u0103rii de urgen\u021b\u0103 \u0219i aplicarea ordonan\u021belor militare \u00een vigoare. Dac\u0103 \u00een perioada Pa\u0219tilor, cet\u0103\u021benii au dat dovad\u0103 de responsabilitate \u0219i, ca rezultat, nu s-a \u00eenregistrat o explozie de noi cazuri de infect\u0103ri, acelea\u0219i m\u0103suri de precau\u021bie trebuie s\u0103 existe \u0219i \u00een acest sf\u00e2r\u0219it de s\u0103pt\u0103m\u00e2n\u0103. Fapt care trebuie s\u0103 persiste chiar dac\u0103 dup\u0103 15 mai se anun\u021b\u0103 o relaxare gradual\u0103. La nivel na\u021bional suntem \u00eentr-o pant\u0103 descresc\u0103toare, pentru c\u0103 autorit\u0103\u021bile au aplicat m\u0103surile corecte, decretele preziden\u021biale \u0219i-au dovedit utilitatea pentru protec\u021bia cet\u0103\u021benilor, iar ace\u0219tia s-au comportat responsabil. Aceea\u0219i responsabilitate care trebuie s\u0103 se men\u021bin\u0103 \u00een continuare pentru a da dovad\u0103 c\u0103 mai important pentru fiecare din noi este s\u0103n\u0103tatea \u0219i protejarea celor dragi.<\/p><div id=\"dspvn-373343547\" class=\"dspvn-continut dspvn-entity-placement\" style=\"margin-bottom: 10px;margin-left: auto;margin-right: auto;text-align: center;\"><a href=\"https:\/\/www.fiipregatit.ro\/\" target=\"_blank\" aria-label=\"www.fiipregatit.ro\"><img src=\"https:\/\/www.dspvn.ro\/wp-content\/uploads\/2023\/07\/fiipreg.jpg\" alt=\"www.fiipregatit.ro\"  srcset=\"https:\/\/www.dspvn.ro\/wp-content\/uploads\/2023\/07\/fiipreg.jpg 946w, https:\/\/www.dspvn.ro\/wp-content\/uploads\/2023\/07\/fiipreg-300x25.jpg 300w, https:\/\/www.dspvn.ro\/wp-content\/uploads\/2023\/07\/fiipreg-150x12.jpg 150w, https:\/\/www.dspvn.ro\/wp-content\/uploads\/2023\/07\/fiipreg-768x63.jpg 768w, https:\/\/www.dspvn.ro\/wp-content\/uploads\/2023\/07\/fiipreg-600x49.jpg 600w\" sizes=\"(max-width: 946px) 100vw, 946px\" class=\"no-lazyload\" width=\"800\" height=\"78\"  style=\"display: inline-block;\" \/><\/a><\/div>\n\n\n\n<figure class=\"wp-block-image size-large\"><img fetchpriority=\"high\" decoding=\"async\" width=\"1024\" height=\"576\" src=\"http:\/\/www.dspvn.ro\/wp-content\/uploads\/2020\/05\/stop1m-1024x576.jpg\" alt=\"\" class=\"wp-image-343\" srcset=\"https:\/\/www.dspvn.ro\/wp-content\/uploads\/2020\/05\/stop1m-1024x576.jpg 1024w, https:\/\/www.dspvn.ro\/wp-content\/uploads\/2020\/05\/stop1m-300x169.jpg 300w, https:\/\/www.dspvn.ro\/wp-content\/uploads\/2020\/05\/stop1m-150x84.jpg 150w, https:\/\/www.dspvn.ro\/wp-content\/uploads\/2020\/05\/stop1m-768x432.jpg 768w, https:\/\/www.dspvn.ro\/wp-content\/uploads\/2020\/05\/stop1m-600x338.jpg 600w, https:\/\/www.dspvn.ro\/wp-content\/uploads\/2020\/05\/stop1m.jpg 1280w\" sizes=\"(max-width: 1024px) 100vw, 1024px\" \/><\/figure>\n","protected":false},"excerpt":{"rendered":"<p>\u00cen contextul \u00een care de 1 Mai, Ziua Interna\u021bional\u0103 a Muncii, oamenii marcau acest eveniment prin diverse activit\u0103\u021bi de relaxare, mici excursii sau deplas\u0103ri \u00een alte localit\u0103\u021bi, DSP Vrancea recomand\u0103 cu celeritate men\u021binerea distan\u021b\u0103rii sociale, ca m\u0103sur\u0103 principal\u0103 a limit\u0103rii r\u0103sp\u00e2ndirii COVID-19. Reamintim c\u0103 \u00een aceast\u0103 perioad\u0103 de 1 &#8211; 3 mai &#8211; care pentru [&hellip;]<\/p>\n","protected":false},"author":1,"featured_media":0,"comment_status":"closed","ping_status":"open","sticky":false,"template":"","format":"standard","meta":{"_regular_price":[],"currency_symbol":[],"_lmt_disableupdate":"","_lmt_disable":"","footnotes":""},"categories":[1],"tags":[],"class_list":["post-342","post","type-post","status-publish","format-standard","hentry","category-uncategorized"],"post_slider_layout_featured_media_urls":{"thumbnail":"","post_slider_layout_landscape_large":"","post_slider_layout_portrait_large":"","post_slider_layout_square_large":"","post_slider_layout_landscape":"","post_slider_layout_portrait":"","post_slider_layout_square":"","full":""},"modified_by":"admin","_links":{"self":[{"href":"https:\/\/www.dspvn.ro\/index.php\/wp-json\/wp\/v2\/posts\/342","targetHints":{"allow":["GET"]}}],"collection":[{"href":"https:\/\/www.dspvn.ro\/index.php\/wp-json\/wp\/v2\/posts"}],"about":[{"href":"https:\/\/www.dspvn.ro\/index.php\/wp-json\/wp\/v2\/types\/post"}],"author":[{"embeddable":true,"href":"https:\/\/www.dspvn.ro\/index.php\/wp-json\/wp\/v2\/users\/1"}],"replies":[{"embeddable":true,"href":"https:\/\/www.dspvn.ro\/index.php\/wp-json\/wp\/v2\/comments?post=342"}],"version-history":[{"count":1,"href":"https:\/\/www.dspvn.ro\/index.php\/wp-json\/wp\/v2\/posts\/342\/revisions"}],"predecessor-version":[{"id":344,"href":"https:\/\/www.dspvn.ro\/index.php\/wp-json\/wp\/v2\/posts\/342\/revisions\/344"}],"wp:attachment":[{"href":"https:\/\/www.dspvn.ro\/index.php\/wp-json\/wp\/v2\/media?parent=342"}],"wp:term":[{"taxonomy":"category","embeddable":true,"href":"https:\/\/www.dspvn.ro\/index.php\/wp-json\/wp\/v2\/categories?post=342"},{"taxonomy":"post_tag","embeddable":true,"href":"https:\/\/www.dspvn.ro\/index.php\/wp-json\/wp\/v2\/tags?post=342"}],"curies":[{"name":"wp","href":"https:\/\/api.w.org\/{rel}","templated":true}]}}