{"id":3606,"date":"2021-08-12T13:37:42","date_gmt":"2021-08-12T10:37:42","guid":{"rendered":"https:\/\/www.dspvn.ro\/?p=3606"},"modified":"2021-08-12T13:37:42","modified_gmt":"2021-08-12T10:37:42","slug":"dsp-vrancea-la-sedinta-grupului-operativ-covid-19","status":"publish","type":"post","link":"https:\/\/www.dspvn.ro\/index.php\/2021\/08\/12\/dsp-vrancea-la-sedinta-grupului-operativ-covid-19\/","title":{"rendered":"DSP Vrancea, la \u0219edin\u021ba grupului \u201dOperativ Covid-19\u201d"},"content":{"rendered":"\n<p>Joi, 12 august 2021, a fost convocat\u0103, de c\u0103tre Institu\u021bia Prefectului, \u0219edin\u021ba Grupului de suport tehnic \u201dOperativ Covid-19\u201d. Au participat dr. Janina Laz\u0103r, medic epidemiolog \u0219i coordonator al campaniei de vaccinare \u00een Vrancea, membrii de drept ai grupului \u0219i edilii localit\u0103\u021bilor unde rata de vaccinare este sub 10%. \u00cen urma analizelor, s-a f\u0103cut solicitarea c\u0103tre primarii din localit\u0103\u021bile vizate s\u0103 sus\u021bin\u0103 c\u00e2t mai bine activitatea de vaccinare, prin sprijinirea medicilor de familie \u0219i a echipelor mobile, de asemenea, s\u0103 acorde persoanelor vulnerabile acces facil la centrele de vaccinare amenajate.<\/p><div id=\"dspvn-3853706541\" class=\"dspvn-continut dspvn-entity-placement\" style=\"margin-bottom: 10px;margin-left: auto;margin-right: auto;text-align: center;\"><a href=\"https:\/\/www.fiipregatit.ro\/\" target=\"_blank\" aria-label=\"www.fiipregatit.ro\"><img src=\"https:\/\/www.dspvn.ro\/wp-content\/uploads\/2023\/07\/fiipreg.jpg\" alt=\"www.fiipregatit.ro\"  srcset=\"https:\/\/www.dspvn.ro\/wp-content\/uploads\/2023\/07\/fiipreg.jpg 946w, https:\/\/www.dspvn.ro\/wp-content\/uploads\/2023\/07\/fiipreg-300x25.jpg 300w, https:\/\/www.dspvn.ro\/wp-content\/uploads\/2023\/07\/fiipreg-150x12.jpg 150w, https:\/\/www.dspvn.ro\/wp-content\/uploads\/2023\/07\/fiipreg-768x63.jpg 768w, https:\/\/www.dspvn.ro\/wp-content\/uploads\/2023\/07\/fiipreg-600x49.jpg 600w\" sizes=\"(max-width: 946px) 100vw, 946px\" class=\"no-lazyload\" width=\"800\" height=\"78\"  style=\"display: inline-block;\" \/><\/a><\/div>\n\n\n\n<figure class=\"wp-block-image size-full\"><img fetchpriority=\"high\" decoding=\"async\" width=\"859\" height=\"490\" src=\"https:\/\/www.dspvn.ro\/wp-content\/uploads\/2021\/08\/Janina-Lazar-la-sedinta-cu-prefect-si-primari-1.jpg\" alt=\"\" class=\"wp-image-3607\" srcset=\"https:\/\/www.dspvn.ro\/wp-content\/uploads\/2021\/08\/Janina-Lazar-la-sedinta-cu-prefect-si-primari-1.jpg 859w, https:\/\/www.dspvn.ro\/wp-content\/uploads\/2021\/08\/Janina-Lazar-la-sedinta-cu-prefect-si-primari-1-300x171.jpg 300w, https:\/\/www.dspvn.ro\/wp-content\/uploads\/2021\/08\/Janina-Lazar-la-sedinta-cu-prefect-si-primari-1-150x86.jpg 150w, https:\/\/www.dspvn.ro\/wp-content\/uploads\/2021\/08\/Janina-Lazar-la-sedinta-cu-prefect-si-primari-1-768x438.jpg 768w, https:\/\/www.dspvn.ro\/wp-content\/uploads\/2021\/08\/Janina-Lazar-la-sedinta-cu-prefect-si-primari-1-600x342.jpg 600w\" sizes=\"(max-width: 859px) 100vw, 859px\" \/><\/figure>\n","protected":false},"excerpt":{"rendered":"<p>Joi, 12 august 2021, a fost convocat\u0103, de c\u0103tre Institu\u021bia Prefectului, \u0219edin\u021ba Grupului de suport tehnic \u201dOperativ Covid-19\u201d. Au participat dr. Janina Laz\u0103r, medic epidemiolog \u0219i coordonator al campaniei de vaccinare \u00een Vrancea, membrii de drept ai grupului \u0219i edilii localit\u0103\u021bilor unde rata de vaccinare este sub 10%. \u00cen urma analizelor, s-a f\u0103cut solicitarea c\u0103tre [&hellip;]<\/p>\n","protected":false},"author":2,"featured_media":3608,"comment_status":"closed","ping_status":"","sticky":false,"template":"","format":"standard","meta":{"_regular_price":[],"currency_symbol":[],"_lmt_disableupdate":"","_lmt_disable":"","footnotes":""},"categories":[1],"tags":[],"class_list":["post-3606","post","type-post","status-publish","format-standard","has-post-thumbnail","hentry","category-uncategorized"],"post_slider_layout_featured_media_urls":{"thumbnail":["https:\/\/www.dspvn.ro\/wp-content\/uploads\/2021\/08\/Janina-Lazar-la-sedinta-cu-prefect-si-primari-2-150x77.jpg",150,77,true],"post_slider_layout_landscape_large":["https:\/\/www.dspvn.ro\/wp-content\/uploads\/2021\/08\/Janina-Lazar-la-sedinta-cu-prefect-si-primari-2.jpg",899,464,false],"post_slider_layout_portrait_large":["https:\/\/www.dspvn.ro\/wp-content\/uploads\/2021\/08\/Janina-Lazar-la-sedinta-cu-prefect-si-primari-2.jpg",899,464,false],"post_slider_layout_square_large":["https:\/\/www.dspvn.ro\/wp-content\/uploads\/2021\/08\/Janina-Lazar-la-sedinta-cu-prefect-si-primari-2.jpg",899,464,false],"post_slider_layout_landscape":["https:\/\/www.dspvn.ro\/wp-content\/uploads\/2021\/08\/Janina-Lazar-la-sedinta-cu-prefect-si-primari-2-600x400.jpg",600,400,true],"post_slider_layout_portrait":["https:\/\/www.dspvn.ro\/wp-content\/uploads\/2021\/08\/Janina-Lazar-la-sedinta-cu-prefect-si-primari-2-600x464.jpg",600,464,true],"post_slider_layout_square":["https:\/\/www.dspvn.ro\/wp-content\/uploads\/2021\/08\/Janina-Lazar-la-sedinta-cu-prefect-si-primari-2-600x464.jpg",600,464,true],"full":["https:\/\/www.dspvn.ro\/wp-content\/uploads\/2021\/08\/Janina-Lazar-la-sedinta-cu-prefect-si-primari-2.jpg",899,464,false]},"modified_by":null,"_links":{"self":[{"href":"https:\/\/www.dspvn.ro\/index.php\/wp-json\/wp\/v2\/posts\/3606","targetHints":{"allow":["GET"]}}],"collection":[{"href":"https:\/\/www.dspvn.ro\/index.php\/wp-json\/wp\/v2\/posts"}],"about":[{"href":"https:\/\/www.dspvn.ro\/index.php\/wp-json\/wp\/v2\/types\/post"}],"author":[{"embeddable":true,"href":"https:\/\/www.dspvn.ro\/index.php\/wp-json\/wp\/v2\/users\/2"}],"replies":[{"embeddable":true,"href":"https:\/\/www.dspvn.ro\/index.php\/wp-json\/wp\/v2\/comments?post=3606"}],"version-history":[{"count":1,"href":"https:\/\/www.dspvn.ro\/index.php\/wp-json\/wp\/v2\/posts\/3606\/revisions"}],"predecessor-version":[{"id":3609,"href":"https:\/\/www.dspvn.ro\/index.php\/wp-json\/wp\/v2\/posts\/3606\/revisions\/3609"}],"wp:featuredmedia":[{"embeddable":true,"href":"https:\/\/www.dspvn.ro\/index.php\/wp-json\/wp\/v2\/media\/3608"}],"wp:attachment":[{"href":"https:\/\/www.dspvn.ro\/index.php\/wp-json\/wp\/v2\/media?parent=3606"}],"wp:term":[{"taxonomy":"category","embeddable":true,"href":"https:\/\/www.dspvn.ro\/index.php\/wp-json\/wp\/v2\/categories?post=3606"},{"taxonomy":"post_tag","embeddable":true,"href":"https:\/\/www.dspvn.ro\/index.php\/wp-json\/wp\/v2\/tags?post=3606"}],"curies":[{"name":"wp","href":"https:\/\/api.w.org\/{rel}","templated":true}]}}