{"id":4051,"date":"2021-09-22T14:09:00","date_gmt":"2021-09-22T11:09:00","guid":{"rendered":"https:\/\/www.dspvn.ro\/?p=4051"},"modified":"2021-09-23T12:10:32","modified_gmt":"2021-09-23T09:10:32","slug":"conducerea-dsp-vrancea-la-o-noua-sedinta-de-lucru-privind-combaterea-pandemiei","status":"publish","type":"post","link":"https:\/\/www.dspvn.ro\/index.php\/2021\/09\/22\/conducerea-dsp-vrancea-la-o-noua-sedinta-de-lucru-privind-combaterea-pandemiei\/","title":{"rendered":"Conducerea DSP Vrancea, la o nou\u0103 \u0219edin\u021b\u0103 de lucru privind combaterea pandemiei"},"content":{"rendered":"\n<p>Directorul DSP Vrancea, dr. C\u0103t\u0103lin Bunghez, a participat miercuri, 22 septembrie 2021, la \u0219edin\u021ba de lucru convocat\u0103 de prefectul jude\u021bului, Gheorghi\u021b\u0103 Berbece, al\u0103turi de &nbsp;subprefectul jude\u021bului, doamna Claudia-Lavinia Serafimciuc, de reprezentan\u021bi ai Inspectoratului pentru Situa\u021bii de Urgen\u021b\u0103 Vrancea, ai Spitalului Jude\u021bean de Urgen\u021b\u0103 ,,Sf. Pantelimon\u2019\u2019 Foc\u0219ani \u0219i ai Spitalului Municipal Adjud.<\/p>\n\n\n\n<p>Tema \u0219edin\u021bei a fost stadiul de implementare al planului de rezilien\u021b\u0103 la nivelul fiec\u0103rei unit\u0103\u021bi sanitare implicate \u00een combaterea pandemiei de Covid-19. Acestea vor informa Comitetul Jude\u021bean pentru Situa\u021bii de Urgen\u021b\u0103 Vrancea despre fiecare modificare de implementare a planului de rezilien\u021b\u0103, \u00een func\u021bie de evolu\u021bia pandemiei cu virusul SARS-CoV-2, modificare ce va avea obligatoriu avizul Direc\u021biei de S\u0103n\u0103tate Public\u0103 Vrancea.<\/p><div id=\"dspvn-1309328618\" class=\"dspvn-continut dspvn-entity-placement\" style=\"margin-bottom: 10px;margin-left: auto;margin-right: auto;text-align: center;\"><a href=\"https:\/\/www.fiipregatit.ro\/\" target=\"_blank\" aria-label=\"www.fiipregatit.ro\"><img src=\"https:\/\/www.dspvn.ro\/wp-content\/uploads\/2023\/07\/fiipreg.jpg\" alt=\"www.fiipregatit.ro\"  srcset=\"https:\/\/www.dspvn.ro\/wp-content\/uploads\/2023\/07\/fiipreg.jpg 946w, https:\/\/www.dspvn.ro\/wp-content\/uploads\/2023\/07\/fiipreg-300x25.jpg 300w, https:\/\/www.dspvn.ro\/wp-content\/uploads\/2023\/07\/fiipreg-150x12.jpg 150w, https:\/\/www.dspvn.ro\/wp-content\/uploads\/2023\/07\/fiipreg-768x63.jpg 768w, https:\/\/www.dspvn.ro\/wp-content\/uploads\/2023\/07\/fiipreg-600x49.jpg 600w\" sizes=\"(max-width: 946px) 100vw, 946px\" class=\"no-lazyload\" width=\"800\" height=\"78\"  style=\"display: inline-block;\" \/><\/a><\/div>\n","protected":false},"excerpt":{"rendered":"<p>Directorul DSP Vrancea, dr. C\u0103t\u0103lin Bunghez, a participat miercuri, 22 septembrie 2021, la \u0219edin\u021ba de lucru convocat\u0103 de prefectul jude\u021bului, Gheorghi\u021b\u0103 Berbece, al\u0103turi de &nbsp;subprefectul jude\u021bului, doamna Claudia-Lavinia Serafimciuc, de reprezentan\u021bi ai Inspectoratului pentru Situa\u021bii de Urgen\u021b\u0103 Vrancea, ai Spitalului Jude\u021bean de Urgen\u021b\u0103 ,,Sf. Pantelimon\u2019\u2019 Foc\u0219ani \u0219i ai Spitalului Municipal Adjud. Tema \u0219edin\u021bei a fost [&hellip;]<\/p>\n","protected":false},"author":2,"featured_media":4052,"comment_status":"closed","ping_status":"","sticky":false,"template":"","format":"standard","meta":{"_regular_price":[],"currency_symbol":[],"_lmt_disableupdate":"","_lmt_disable":"","footnotes":""},"categories":[1],"tags":[],"class_list":["post-4051","post","type-post","status-publish","format-standard","has-post-thumbnail","hentry","category-uncategorized"],"post_slider_layout_featured_media_urls":{"thumbnail":["https:\/\/www.dspvn.ro\/wp-content\/uploads\/2021\/09\/Catalin-Bunghez-la-sedinta-din-22-sept-2021-150x97.jpg",150,97,true],"post_slider_layout_landscape_large":["https:\/\/www.dspvn.ro\/wp-content\/uploads\/2021\/09\/Catalin-Bunghez-la-sedinta-din-22-sept-2021.jpg",960,618,false],"post_slider_layout_portrait_large":["https:\/\/www.dspvn.ro\/wp-content\/uploads\/2021\/09\/Catalin-Bunghez-la-sedinta-din-22-sept-2021.jpg",960,618,false],"post_slider_layout_square_large":["https:\/\/www.dspvn.ro\/wp-content\/uploads\/2021\/09\/Catalin-Bunghez-la-sedinta-din-22-sept-2021.jpg",960,618,false],"post_slider_layout_landscape":["https:\/\/www.dspvn.ro\/wp-content\/uploads\/2021\/09\/Catalin-Bunghez-la-sedinta-din-22-sept-2021-600x400.jpg",600,400,true],"post_slider_layout_portrait":["https:\/\/www.dspvn.ro\/wp-content\/uploads\/2021\/09\/Catalin-Bunghez-la-sedinta-din-22-sept-2021-600x618.jpg",600,618,true],"post_slider_layout_square":["https:\/\/www.dspvn.ro\/wp-content\/uploads\/2021\/09\/Catalin-Bunghez-la-sedinta-din-22-sept-2021-600x600.jpg",600,600,true],"full":["https:\/\/www.dspvn.ro\/wp-content\/uploads\/2021\/09\/Catalin-Bunghez-la-sedinta-din-22-sept-2021.jpg",960,618,false]},"modified_by":null,"_links":{"self":[{"href":"https:\/\/www.dspvn.ro\/index.php\/wp-json\/wp\/v2\/posts\/4051","targetHints":{"allow":["GET"]}}],"collection":[{"href":"https:\/\/www.dspvn.ro\/index.php\/wp-json\/wp\/v2\/posts"}],"about":[{"href":"https:\/\/www.dspvn.ro\/index.php\/wp-json\/wp\/v2\/types\/post"}],"author":[{"embeddable":true,"href":"https:\/\/www.dspvn.ro\/index.php\/wp-json\/wp\/v2\/users\/2"}],"replies":[{"embeddable":true,"href":"https:\/\/www.dspvn.ro\/index.php\/wp-json\/wp\/v2\/comments?post=4051"}],"version-history":[{"count":1,"href":"https:\/\/www.dspvn.ro\/index.php\/wp-json\/wp\/v2\/posts\/4051\/revisions"}],"predecessor-version":[{"id":4053,"href":"https:\/\/www.dspvn.ro\/index.php\/wp-json\/wp\/v2\/posts\/4051\/revisions\/4053"}],"wp:featuredmedia":[{"embeddable":true,"href":"https:\/\/www.dspvn.ro\/index.php\/wp-json\/wp\/v2\/media\/4052"}],"wp:attachment":[{"href":"https:\/\/www.dspvn.ro\/index.php\/wp-json\/wp\/v2\/media?parent=4051"}],"wp:term":[{"taxonomy":"category","embeddable":true,"href":"https:\/\/www.dspvn.ro\/index.php\/wp-json\/wp\/v2\/categories?post=4051"},{"taxonomy":"post_tag","embeddable":true,"href":"https:\/\/www.dspvn.ro\/index.php\/wp-json\/wp\/v2\/tags?post=4051"}],"curies":[{"name":"wp","href":"https:\/\/api.w.org\/{rel}","templated":true}]}}