{"id":4545,"date":"2022-01-06T11:21:56","date_gmt":"2022-01-06T08:21:56","guid":{"rendered":"https:\/\/www.dspvn.ro\/?p=4545"},"modified":"2022-01-06T11:21:56","modified_gmt":"2022-01-06T08:21:56","slug":"campania-sanatatea-mintala-este-o-prioritate-protejati-sanatatea-mintala","status":"publish","type":"post","link":"https:\/\/www.dspvn.ro\/index.php\/2022\/01\/06\/campania-sanatatea-mintala-este-o-prioritate-protejati-sanatatea-mintala\/","title":{"rendered":"Campania \u201eS\u0103n\u0103tatea mintal\u0103 este o prioritate. Proteja\u021bi s\u0103n\u0103tatea mintal\u0103!\u201d"},"content":{"rendered":"\n<p><strong>S\u0103n\u0103tatea mintal\u0103<\/strong> reprezint\u0103 o <a>stare de s\u0103n\u0103tate \u00een care individul \u00ee\u0219i realizeaz\u0103 abilit\u0103\u021bile, poate face fa\u021b\u0103 tensiunilor normale ale vie\u021bii, poate lucra productiv \u0219i este capabil s\u0103 contribuie la dezvoltarea comunit\u0103\u021bii.<\/a><\/p>\n\n\n\n<p>Pentru cet\u0103\u021beni, s\u0103n\u0103tatea mintal\u0103 este o resurs\u0103 care le permite s\u0103 \u00ee\u0219i realizeze poten\u021bialul intelectual \u0219i emo\u021bional, s\u0103 \u00ee\u0219i g\u0103seasc\u0103 \u0219i s\u0103-\u0219i \u00eendeplineasc\u0103 rolurile \u00een via\u021ba social\u0103, \u0219colar\u0103 \u0219i profesional\u0103. Pentru societ\u0103\u021bi, s\u0103n\u0103tatea mintal\u0103 bun\u0103 a cet\u0103\u021benilor contribuie la prosperitate, solidaritate \u0219i justi\u021bie social\u0103. \u00cen schimb, lipsa s\u0103n\u0103t\u0103\u021bii mintale impune costuri \u0219i pierderi multiple, cet\u0103\u021benilor \u0219i sistemelor sociale.<\/p>\n\n\n\n<p>\u00cembun\u0103t\u0103\u021birea accesului la serviciile de s\u0103n\u0103tate mintal\u0103, inclusiv telepsihiatria, evaluarea timpurie, tratamentul \u0219i sprijinul psiho-social, screeningul \u0219i sprijinul pentru grupurile specifice, implementarea de m\u0103suri pe termen lung pentru a atenua impactul recesiunii economice asupra s\u0103n\u0103t\u0103\u021bii mintale \u0219i abordarea stigmatiz\u0103rii, sunt esen\u021biale \u00een acest context.<\/p>\n\n\n\n<p>\u00cen anul 2020, \u00een Rom\u00e2nia, inciden\u021ba tulbur\u0103rilor mintale \u0219i de comportament a fost de 1200.8%000 locuitori, \u00een u\u0219oar\u0103 descre\u0219tere fa\u021b\u0103 de anul 2019 c\u00e2nd a avut valoarea de 1211.8%000 locuitori. Prevalen\u021ba bolilor psihice (cod ICD 10 F01-F39) \u00een Rom\u00e2nia, \u00een anul 2020 a fost 1260.25%000 locuitori, \u00een cre\u0219tere fa\u021b\u0103 de anul 2019 c\u00e2nd a avut valoarea de 1192.53%000 locuitori.<\/p>\n\n\n\n<p>V\u00e2rstnicii se confrunt\u0103 cu o serie de provoc\u0103ri ale s\u0103n\u0103t\u0103\u021bii somatice, dar \u0219i psihice, care trebuie recunoscute, iar s\u0103n\u0103tatea mintal\u0103 este la fel de important\u0103 la v\u00e2rste mai \u00eenaintate ca \u00een orice alt moment al vie\u021bii.<\/p>\n\n\n\n<p>Peste 20% dintre adul\u021bii \u00een v\u00e2rst\u0103 de 60 de ani \u0219i peste sufer\u0103 de o tulburare mintal\u0103 sau neurologic\u0103, iar 6,6% din totalul dizabilit\u0103\u021bilor \u00een r\u00e2ndul persoanelor cu v\u00e2rsta peste 60 de ani este atribuit\u0103 tulbur\u0103rilor mintale \u0219i neurologice.<\/p>\n\n\n\n<p>Cele mai frecvente tulbur\u0103ri mintale \u0219i neurologice din aceast\u0103 grup\u0103 de v\u00e2rst\u0103 sunt demen\u021ba \u0219i depresia, care afecteaz\u0103 aproximativ 5%, respectiv 7% din popula\u021bia v\u00e2rstnic\u0103 a lumii. Tulbur\u0103rile de anxietate afecteaz\u0103 3,8% din popula\u021bia \u00een v\u00e2rst\u0103, problemele legate de consumul de substan\u021be afecteaz\u0103 aproape 1% \u0219i aproximativ un sfert din decesele cauzate de auto-v\u0103t\u0103mare apar\u021bin persoanelor cu v\u00e2rsta de 60 de ani sau peste. Problemele legate de abuzul de substan\u021be \u00een r\u00e2ndul persoanelor \u00een v\u00e2rst\u0103 sunt adesea trecute cu vederea sau diagnosticate gre\u0219it.<\/p>\n\n\n\n<p>Pandemia COVID-19 a avut un impact major asupra v\u00e2rstnicilor care prezint\u0103 un risc mai mare de dezvoltare de simptome mai severe ale bolii \u0219i o rat\u0103 de mortalitate mai mare. Acest risc crescut se datoreaz\u0103 \u00een parte modific\u0103rilor legate de v\u00e2rst\u0103 \u00een ceea ce prive\u0219te sistemul imunitar, care \u00eengreuneaz\u0103 lupta \u00eempotriva infec\u021biilor. De asemenea, v\u00e2rstnicii \u00eenregistreaz\u0103 \u0219i alte probleme de s\u0103n\u0103tate, \u00een special afec\u021biuni cardiovasculare, cerebrovasculare, cancere, care fac \u0219i mai dificil\u0103 lupta cu acest nou virus.&nbsp;<\/p>\n\n\n\n<p>Stresul, dificult\u0103\u021bile economice \u0219i sociale, izolarea impus\u0103 de autorit\u0103\u021bi \u00een scopul prevenirii \u0219i reducerii r\u0103sp\u00e2ndirii virusului, afecteaz\u0103 s\u0103n\u0103tatea mintal\u0103, exacerb\u00e2nd afec\u021biunile neurologice \u0219i psihice existente, cum ar fi depresia, anxietatea, declinul cognitiv. Persoanele v\u00e2rstnice, care locuiesc singure \u0219i care au contacte sociale limitate reprezint\u0103 o categorie de popula\u021bie la risc de a dezvolta simptome depresive \u0219i anxioase.<\/p>\n\n\n\n<p>Direc\u0163ia de S\u0103n\u0103tate Public\u0103 Vrancea \u00een parteneriat cu psihologi, medici psihiatri, Spitalul Jude\u021bean de Urgen\u021be \u201eSf. Pantelimon\u201d Foc\u0219ani, medicii de familie, organizeaz\u0103 \u00een luna ianuarie campania cu tema &#8211; <strong>\u201eS\u0103n\u0103tatea mintal\u0103 este o prioritate. Proteja\u021bi s\u0103n\u0103tatea mintal\u0103!\u201d<\/strong><\/p>\n\n\n\n<p><strong>Scopul<\/strong> campaniei: cre\u0219terea nivelului de informare \u0219i con\u0219tientizare a v\u00e2rstnicilor \u0219i apar\u021bin\u0103torilor acestora, precum \u0219i a profesioni\u0219tilor din domeniul medical privind problematica s\u0103n\u0103t\u0103\u021bii mintale.<\/p>\n\n\n\n<p><strong>Grupurile \u021bint\u0103<\/strong> ale campaniei sunt: v\u00e2rstnicii, apar\u021bin\u0103torii acestora \u0219i profesioni\u0219tii din domeniul medical.<\/p>\n\n\n\n<p><strong>Sloganul campaniei <\/strong>este: <strong><em>\u201eS\u0103n\u0103tatea mintal\u0103 este o prioritate. Proteja\u021bi s\u0103n\u0103tatea mintal\u0103!\u201d<\/em><\/strong><\/p>\n\n\n\n<p><strong>Obiectivele<\/strong> campaniei:<\/p>\n\n\n\n<p>*informarea popula\u0163iei privind importan\u021ba identific\u0103rii \u0219i interven\u021biei timpurii \u00een cazul tulbur\u0103rilor mintale,<\/p>\n\n\n\n<p>*con\u015ftientizarea \u015fi promovarea unei mai bune \u00een\u0163elegeri a impactului tulbur\u0103rilor mintale asupra vie\u0163ii oamenilor,<\/p>\n\n\n\n<p>*cre\u0219terea accesului la informa\u021bii pentru \u00eembun\u0103t\u0103\u021birea \u00eengrijirilor \u0219i \u00eenl\u0103turarea stigmatiz\u0103rii persoanelor cu tulbur\u0103ri mintale.<\/p>\n\n\n\n<p>La nivel jude\u021bean se vor organiza evenimente de informare despre problematica tulbur\u0103rilor mintale \u0219i de con\u0219tientizare a necesit\u0103\u021bii realiz\u0103rii unui management adecvat al acestora.<\/p>\n\n\n\n<p>Ministerul S\u0103n\u0103t\u0103\u0163ii asigur\u0103 finan\u0163area \u0219i coordonarea organiz\u0103rii campaniei. Contact b-dul G\u0103rii, nr. 14, telefon 0237\/ 225 979 website www.dspvn.ro<\/p><div id=\"dspvn-144230143\" class=\"dspvn-continut dspvn-entity-placement\" style=\"margin-bottom: 10px;margin-left: auto;margin-right: auto;text-align: center;\"><a href=\"https:\/\/www.fiipregatit.ro\/\" target=\"_blank\" aria-label=\"www.fiipregatit.ro\"><img src=\"https:\/\/www.dspvn.ro\/wp-content\/uploads\/2023\/07\/fiipreg.jpg\" alt=\"www.fiipregatit.ro\"  srcset=\"https:\/\/www.dspvn.ro\/wp-content\/uploads\/2023\/07\/fiipreg.jpg 946w, https:\/\/www.dspvn.ro\/wp-content\/uploads\/2023\/07\/fiipreg-300x25.jpg 300w, https:\/\/www.dspvn.ro\/wp-content\/uploads\/2023\/07\/fiipreg-150x12.jpg 150w, https:\/\/www.dspvn.ro\/wp-content\/uploads\/2023\/07\/fiipreg-768x63.jpg 768w, https:\/\/www.dspvn.ro\/wp-content\/uploads\/2023\/07\/fiipreg-600x49.jpg 600w\" sizes=\"(max-width: 946px) 100vw, 946px\" class=\"no-lazyload\" width=\"800\" height=\"78\"  style=\"display: inline-block;\" \/><\/a><\/div>\n\n\n\n<figure class=\"wp-block-image size-full\"><img fetchpriority=\"high\" decoding=\"async\" width=\"900\" height=\"599\" src=\"https:\/\/www.dspvn.ro\/wp-content\/uploads\/2022\/01\/Infografic-2022.jpg\" alt=\"\" class=\"wp-image-4546\" srcset=\"https:\/\/www.dspvn.ro\/wp-content\/uploads\/2022\/01\/Infografic-2022.jpg 900w, https:\/\/www.dspvn.ro\/wp-content\/uploads\/2022\/01\/Infografic-2022-300x200.jpg 300w, https:\/\/www.dspvn.ro\/wp-content\/uploads\/2022\/01\/Infografic-2022-150x100.jpg 150w, https:\/\/www.dspvn.ro\/wp-content\/uploads\/2022\/01\/Infografic-2022-768x511.jpg 768w, https:\/\/www.dspvn.ro\/wp-content\/uploads\/2022\/01\/Infografic-2022-600x399.jpg 600w\" sizes=\"(max-width: 900px) 100vw, 900px\" \/><\/figure>\n\n\n\n<figure class=\"wp-block-image size-full\"><img decoding=\"async\" width=\"900\" height=\"631\" src=\"https:\/\/www.dspvn.ro\/wp-content\/uploads\/2022\/01\/Pliant-Depresia-1.jpg\" alt=\"\" class=\"wp-image-4547\" srcset=\"https:\/\/www.dspvn.ro\/wp-content\/uploads\/2022\/01\/Pliant-Depresia-1.jpg 900w, https:\/\/www.dspvn.ro\/wp-content\/uploads\/2022\/01\/Pliant-Depresia-1-300x210.jpg 300w, https:\/\/www.dspvn.ro\/wp-content\/uploads\/2022\/01\/Pliant-Depresia-1-150x105.jpg 150w, https:\/\/www.dspvn.ro\/wp-content\/uploads\/2022\/01\/Pliant-Depresia-1-768x538.jpg 768w, https:\/\/www.dspvn.ro\/wp-content\/uploads\/2022\/01\/Pliant-Depresia-1-600x421.jpg 600w\" sizes=\"(max-width: 900px) 100vw, 900px\" \/><\/figure>\n\n\n\n<figure class=\"wp-block-image size-full\"><img decoding=\"async\" width=\"900\" height=\"651\" src=\"https:\/\/www.dspvn.ro\/wp-content\/uploads\/2022\/01\/Pliant-Depresia-2.jpg\" alt=\"\" class=\"wp-image-4548\" srcset=\"https:\/\/www.dspvn.ro\/wp-content\/uploads\/2022\/01\/Pliant-Depresia-2.jpg 900w, https:\/\/www.dspvn.ro\/wp-content\/uploads\/2022\/01\/Pliant-Depresia-2-300x217.jpg 300w, https:\/\/www.dspvn.ro\/wp-content\/uploads\/2022\/01\/Pliant-Depresia-2-150x109.jpg 150w, https:\/\/www.dspvn.ro\/wp-content\/uploads\/2022\/01\/Pliant-Depresia-2-768x556.jpg 768w, https:\/\/www.dspvn.ro\/wp-content\/uploads\/2022\/01\/Pliant-Depresia-2-600x434.jpg 600w\" sizes=\"(max-width: 900px) 100vw, 900px\" \/><\/figure>\n\n\n\n<figure class=\"wp-block-image size-full\"><img loading=\"lazy\" decoding=\"async\" width=\"653\" height=\"900\" src=\"https:\/\/www.dspvn.ro\/wp-content\/uploads\/2022\/01\/poster-profesionisti-sanatate-mintala-.jpg\" alt=\"\" class=\"wp-image-4549\" srcset=\"https:\/\/www.dspvn.ro\/wp-content\/uploads\/2022\/01\/poster-profesionisti-sanatate-mintala-.jpg 653w, https:\/\/www.dspvn.ro\/wp-content\/uploads\/2022\/01\/poster-profesionisti-sanatate-mintala--218x300.jpg 218w, https:\/\/www.dspvn.ro\/wp-content\/uploads\/2022\/01\/poster-profesionisti-sanatate-mintala--109x150.jpg 109w, https:\/\/www.dspvn.ro\/wp-content\/uploads\/2022\/01\/poster-profesionisti-sanatate-mintala--600x827.jpg 600w\" sizes=\"(max-width: 653px) 100vw, 653px\" \/><\/figure>\n\n\n\n<figure class=\"wp-block-image size-full\"><img loading=\"lazy\" decoding=\"async\" width=\"654\" height=\"900\" src=\"https:\/\/www.dspvn.ro\/wp-content\/uploads\/2022\/01\/poster-varstnici-sanatate-mintala.jpg\" alt=\"\" class=\"wp-image-4550\" srcset=\"https:\/\/www.dspvn.ro\/wp-content\/uploads\/2022\/01\/poster-varstnici-sanatate-mintala.jpg 654w, https:\/\/www.dspvn.ro\/wp-content\/uploads\/2022\/01\/poster-varstnici-sanatate-mintala-218x300.jpg 218w, https:\/\/www.dspvn.ro\/wp-content\/uploads\/2022\/01\/poster-varstnici-sanatate-mintala-109x150.jpg 109w, https:\/\/www.dspvn.ro\/wp-content\/uploads\/2022\/01\/poster-varstnici-sanatate-mintala-600x826.jpg 600w\" sizes=\"(max-width: 654px) 100vw, 654px\" \/><\/figure>\n","protected":false},"excerpt":{"rendered":"<p>S\u0103n\u0103tatea mintal\u0103 reprezint\u0103 o stare de s\u0103n\u0103tate \u00een care individul \u00ee\u0219i realizeaz\u0103 abilit\u0103\u021bile, poate face fa\u021b\u0103 tensiunilor normale ale vie\u021bii, poate lucra productiv \u0219i este capabil s\u0103 contribuie la dezvoltarea comunit\u0103\u021bii. Pentru cet\u0103\u021beni, s\u0103n\u0103tatea mintal\u0103 este o resurs\u0103 care le permite s\u0103 \u00ee\u0219i realizeze poten\u021bialul intelectual \u0219i emo\u021bional, s\u0103 \u00ee\u0219i g\u0103seasc\u0103 \u0219i s\u0103-\u0219i \u00eendeplineasc\u0103 rolurile [&hellip;]<\/p>\n","protected":false},"author":2,"featured_media":4546,"comment_status":"closed","ping_status":"","sticky":false,"template":"","format":"standard","meta":{"_regular_price":[],"currency_symbol":[],"_lmt_disableupdate":"","_lmt_disable":"","footnotes":""},"categories":[1],"tags":[],"class_list":["post-4545","post","type-post","status-publish","format-standard","has-post-thumbnail","hentry","category-uncategorized"],"post_slider_layout_featured_media_urls":{"thumbnail":["https:\/\/www.dspvn.ro\/wp-content\/uploads\/2022\/01\/Infografic-2022-150x100.jpg",150,100,true],"post_slider_layout_landscape_large":["https:\/\/www.dspvn.ro\/wp-content\/uploads\/2022\/01\/Infografic-2022.jpg",900,599,false],"post_slider_layout_portrait_large":["https:\/\/www.dspvn.ro\/wp-content\/uploads\/2022\/01\/Infografic-2022.jpg",900,599,false],"post_slider_layout_square_large":["https:\/\/www.dspvn.ro\/wp-content\/uploads\/2022\/01\/Infografic-2022.jpg",900,599,false],"post_slider_layout_landscape":["https:\/\/www.dspvn.ro\/wp-content\/uploads\/2022\/01\/Infografic-2022-600x400.jpg",600,400,true],"post_slider_layout_portrait":["https:\/\/www.dspvn.ro\/wp-content\/uploads\/2022\/01\/Infografic-2022-600x599.jpg",600,599,true],"post_slider_layout_square":["https:\/\/www.dspvn.ro\/wp-content\/uploads\/2022\/01\/Infografic-2022-600x599.jpg",600,599,true],"full":["https:\/\/www.dspvn.ro\/wp-content\/uploads\/2022\/01\/Infografic-2022.jpg",900,599,false]},"modified_by":null,"_links":{"self":[{"href":"https:\/\/www.dspvn.ro\/index.php\/wp-json\/wp\/v2\/posts\/4545","targetHints":{"allow":["GET"]}}],"collection":[{"href":"https:\/\/www.dspvn.ro\/index.php\/wp-json\/wp\/v2\/posts"}],"about":[{"href":"https:\/\/www.dspvn.ro\/index.php\/wp-json\/wp\/v2\/types\/post"}],"author":[{"embeddable":true,"href":"https:\/\/www.dspvn.ro\/index.php\/wp-json\/wp\/v2\/users\/2"}],"replies":[{"embeddable":true,"href":"https:\/\/www.dspvn.ro\/index.php\/wp-json\/wp\/v2\/comments?post=4545"}],"version-history":[{"count":1,"href":"https:\/\/www.dspvn.ro\/index.php\/wp-json\/wp\/v2\/posts\/4545\/revisions"}],"predecessor-version":[{"id":4551,"href":"https:\/\/www.dspvn.ro\/index.php\/wp-json\/wp\/v2\/posts\/4545\/revisions\/4551"}],"wp:featuredmedia":[{"embeddable":true,"href":"https:\/\/www.dspvn.ro\/index.php\/wp-json\/wp\/v2\/media\/4546"}],"wp:attachment":[{"href":"https:\/\/www.dspvn.ro\/index.php\/wp-json\/wp\/v2\/media?parent=4545"}],"wp:term":[{"taxonomy":"category","embeddable":true,"href":"https:\/\/www.dspvn.ro\/index.php\/wp-json\/wp\/v2\/categories?post=4545"},{"taxonomy":"post_tag","embeddable":true,"href":"https:\/\/www.dspvn.ro\/index.php\/wp-json\/wp\/v2\/tags?post=4545"}],"curies":[{"name":"wp","href":"https:\/\/api.w.org\/{rel}","templated":true}]}}