{"id":4749,"date":"2022-02-05T14:38:49","date_gmt":"2022-02-05T11:38:49","guid":{"rendered":"https:\/\/www.dspvn.ro\/?p=4749"},"modified":"2022-02-05T14:38:49","modified_gmt":"2022-02-05T11:38:49","slug":"buletin-informativ-jud-vrancea-05-februarie-2022","status":"publish","type":"post","link":"https:\/\/www.dspvn.ro\/index.php\/2022\/02\/05\/buletin-informativ-jud-vrancea-05-februarie-2022\/","title":{"rendered":"Buletin informativ jud. Vrancea \u2013 05 februarie 2022"},"content":{"rendered":"\n<p>\u00cen jude\u021bul Vrancea, \u00een data de <strong>05 februarie 2022<\/strong>, dup\u0103 intrarea \u00een vigoare a Legii 136\/2020 privind carantina \u0219i izolarea, se afl\u0103:<\/p>\n\n\n\n<p>\u2022 <strong>914 persoane \u00een carantin\u0103 la domiciliu<\/strong>;<\/p>\n\n\n\n<p>\u2022 <strong>1659 persoane \u00een izolare la domiciliu;<\/strong><\/p>\n\n\n\n<p>\u2022 <strong>174 persoane \u00een izolare institu\u021bionalizat\u0103, dintre care 12 persoane sunt internate la ATI, 5 la Adjud \u0219i 7 la Foc\u0219ani;<\/strong><\/p>\n\n\n\n<p>\u2022 <strong>19.403 persoane vindecate;<\/strong><\/p>\n\n\n\n<p>\u2022 <strong>896 persoane decedate. &nbsp;\u00cen ultimele 24 de ore, &nbsp;nu au fost raportate decese.<\/strong><\/p>\n\n\n\n<p>Direc\u021bia de S\u0103n\u0103tate Public\u0103 Vrancea a efectuat p\u00e2n\u0103 acum<strong> 90.163 de teste, <\/strong>fiind depistate<strong> 22.550 &nbsp;persoane pozitiv.<\/strong><\/p>\n\n\n\n<p>Reamintim faptul c\u0103 a fost \u00eenfiin\u021bat\u0103 o linie <strong>TelVerde \u2013 0800800165<\/strong>, la care cet\u0103\u021benii vor putea sesiza cazurile de \u00eenc\u0103lcare a normelor de protec\u021bie sanitar\u0103.<\/p>\n\n\n\n<p><strong><u>DSP Vrancea a efectuat 26 misiuni cu 18 cadre&nbsp; medicale \u0219i 1 mijloc auto, astfel:<\/u><\/strong><\/p>\n\n\n\n<p>&#8211; <strong>4 misiuni<\/strong> cu <strong>2 cadre medicale<\/strong> pentru codificarea probelor recoltate la cazurile suspecte&nbsp; COVID;<\/p>\n\n\n\n<p><strong>&#8211; 3 misiuni<\/strong> cu <strong>2&nbsp; cadre medicale<\/strong> pentru introducere coduri noi in baza de date;<\/p>\n\n\n\n<p><strong>&#8211; 6 misiuni<\/strong> cu <strong>6 cadre medicale<\/strong> pentru efectuarea anchetelor epidemiologice;<\/p>\n\n\n\n<p><strong>&#8211; 2 misiuni<\/strong> cu <strong>1 cadru medical<\/strong>&nbsp; in vederea raportarii stocurilor de materiale;<\/p>\n\n\n\n<p><strong>&#8211; 2 misiuni<\/strong> cu <strong>1 cadru&nbsp; medical<\/strong>&nbsp; pentru receptie si preluare&nbsp; probe biologice;<\/p>\n\n\n\n<p><strong>&nbsp;-2 misiuni<\/strong> cu <strong>2 cadre&nbsp; medicale<\/strong>&nbsp; pentru eliberarea certificatelor digitale Covid \u2013 19;<\/p>\n\n\n\n<p><strong>&#8211; 1 misiune<\/strong> cu <strong>1 cadru DSP<\/strong> \u0219i <strong>1mijloc auto,<\/strong> pentru transport vaccin;<\/p>\n\n\n\n<p><strong>&#8211; 5 misiuni<\/strong> cu <strong>2 cadre medicale<\/strong> pentru inregistrarea anchetelor epidemiologice in platforma CORONA FORMS;<\/p>\n\n\n\n<p><strong>&#8211; 1 misiune<\/strong> cu <strong>1 cadru medical<\/strong> pentru raportarea situatiilor zilnice la CJCCI.<\/p><div id=\"dspvn-3791999313\" class=\"dspvn-continut dspvn-entity-placement\" style=\"margin-bottom: 10px;margin-left: auto;margin-right: auto;text-align: center;\"><a href=\"https:\/\/www.fiipregatit.ro\/\" target=\"_blank\" aria-label=\"www.fiipregatit.ro\"><img src=\"https:\/\/www.dspvn.ro\/wp-content\/uploads\/2023\/07\/fiipreg.jpg\" alt=\"www.fiipregatit.ro\"  srcset=\"https:\/\/www.dspvn.ro\/wp-content\/uploads\/2023\/07\/fiipreg.jpg 946w, https:\/\/www.dspvn.ro\/wp-content\/uploads\/2023\/07\/fiipreg-300x25.jpg 300w, https:\/\/www.dspvn.ro\/wp-content\/uploads\/2023\/07\/fiipreg-150x12.jpg 150w, https:\/\/www.dspvn.ro\/wp-content\/uploads\/2023\/07\/fiipreg-768x63.jpg 768w, https:\/\/www.dspvn.ro\/wp-content\/uploads\/2023\/07\/fiipreg-600x49.jpg 600w\" sizes=\"(max-width: 946px) 100vw, 946px\" class=\"no-lazyload\" width=\"800\" height=\"78\"  style=\"display: inline-block;\" \/><\/a><\/div>\n","protected":false},"excerpt":{"rendered":"<p>\u00cen jude\u021bul Vrancea, \u00een data de 05 februarie 2022, dup\u0103 intrarea \u00een vigoare a Legii 136\/2020 privind carantina \u0219i izolarea, se afl\u0103: \u2022 914 persoane \u00een carantin\u0103 la domiciliu; \u2022 1659 persoane \u00een izolare la domiciliu; \u2022 174 persoane \u00een izolare institu\u021bionalizat\u0103, dintre care 12 persoane sunt internate la ATI, 5 la Adjud \u0219i 7 [&hellip;]<\/p>\n","protected":false},"author":2,"featured_media":1738,"comment_status":"closed","ping_status":"","sticky":false,"template":"","format":"standard","meta":{"_regular_price":[],"currency_symbol":[],"_lmt_disableupdate":"","_lmt_disable":"","footnotes":""},"categories":[18],"tags":[],"class_list":["post-4749","post","type-post","status-publish","format-standard","has-post-thumbnail","hentry","category-buletine-info"],"post_slider_layout_featured_media_urls":{"thumbnail":["https:\/\/www.dspvn.ro\/wp-content\/uploads\/2020\/12\/DSP-iarna-5-150x68.jpg",150,68,true],"post_slider_layout_landscape_large":["https:\/\/www.dspvn.ro\/wp-content\/uploads\/2020\/12\/DSP-iarna-5.jpg",999,454,false],"post_slider_layout_portrait_large":["https:\/\/www.dspvn.ro\/wp-content\/uploads\/2020\/12\/DSP-iarna-5.jpg",999,454,false],"post_slider_layout_square_large":["https:\/\/www.dspvn.ro\/wp-content\/uploads\/2020\/12\/DSP-iarna-5.jpg",999,454,false],"post_slider_layout_landscape":["https:\/\/www.dspvn.ro\/wp-content\/uploads\/2020\/12\/DSP-iarna-5.jpg",600,273,false],"post_slider_layout_portrait":["https:\/\/www.dspvn.ro\/wp-content\/uploads\/2020\/12\/DSP-iarna-5.jpg",600,273,false],"post_slider_layout_square":["https:\/\/www.dspvn.ro\/wp-content\/uploads\/2020\/12\/DSP-iarna-5.jpg",600,273,false],"full":["https:\/\/www.dspvn.ro\/wp-content\/uploads\/2020\/12\/DSP-iarna-5.jpg",999,454,false]},"modified_by":null,"_links":{"self":[{"href":"https:\/\/www.dspvn.ro\/index.php\/wp-json\/wp\/v2\/posts\/4749","targetHints":{"allow":["GET"]}}],"collection":[{"href":"https:\/\/www.dspvn.ro\/index.php\/wp-json\/wp\/v2\/posts"}],"about":[{"href":"https:\/\/www.dspvn.ro\/index.php\/wp-json\/wp\/v2\/types\/post"}],"author":[{"embeddable":true,"href":"https:\/\/www.dspvn.ro\/index.php\/wp-json\/wp\/v2\/users\/2"}],"replies":[{"embeddable":true,"href":"https:\/\/www.dspvn.ro\/index.php\/wp-json\/wp\/v2\/comments?post=4749"}],"version-history":[{"count":1,"href":"https:\/\/www.dspvn.ro\/index.php\/wp-json\/wp\/v2\/posts\/4749\/revisions"}],"predecessor-version":[{"id":4750,"href":"https:\/\/www.dspvn.ro\/index.php\/wp-json\/wp\/v2\/posts\/4749\/revisions\/4750"}],"wp:featuredmedia":[{"embeddable":true,"href":"https:\/\/www.dspvn.ro\/index.php\/wp-json\/wp\/v2\/media\/1738"}],"wp:attachment":[{"href":"https:\/\/www.dspvn.ro\/index.php\/wp-json\/wp\/v2\/media?parent=4749"}],"wp:term":[{"taxonomy":"category","embeddable":true,"href":"https:\/\/www.dspvn.ro\/index.php\/wp-json\/wp\/v2\/categories?post=4749"},{"taxonomy":"post_tag","embeddable":true,"href":"https:\/\/www.dspvn.ro\/index.php\/wp-json\/wp\/v2\/tags?post=4749"}],"curies":[{"name":"wp","href":"https:\/\/api.w.org\/{rel}","templated":true}]}}