{"id":4771,"date":"2022-02-08T14:37:24","date_gmt":"2022-02-08T11:37:24","guid":{"rendered":"https:\/\/www.dspvn.ro\/?p=4771"},"modified":"2022-02-08T14:37:24","modified_gmt":"2022-02-08T11:37:24","slug":"buletin-informativ-jud-vrancea-08-februarie-2022","status":"publish","type":"post","link":"https:\/\/www.dspvn.ro\/index.php\/2022\/02\/08\/buletin-informativ-jud-vrancea-08-februarie-2022\/","title":{"rendered":"Buletin informativ jud. Vrancea \u2013 08 februarie 2022"},"content":{"rendered":"\n<p>\u00cen jude\u021bul Vrancea, \u00een data de <strong>08 februarie 2022<\/strong>, dup\u0103 intrarea \u00een vigoare a Legii 136\/2020 privind carantina \u0219i izolarea, se afl\u0103:<\/p>\n\n\n\n<p>\u2022 <strong>735 persoane \u00een carantin\u0103 la domiciliu<\/strong>;<\/p>\n\n\n\n<p>\u2022 <strong>1180 persoane \u00een izolare la domiciliu;<\/strong><\/p>\n\n\n\n<p>\u2022 <strong>173 persoane \u00een izolare institu\u021bionalizat\u0103, dintre care 13 persoane sunt internate la ATI, 6 la Adjud \u0219i 7 la Foc\u0219ani;<\/strong><\/p>\n\n\n\n<p>\u2022 <strong>20122 persoane vindecate;<\/strong><\/p>\n\n\n\n<p>\u2022 <strong>901 persoane decedate. &nbsp;\u00cen ultimele 24 de ore, &nbsp;au fost raportate cinci decese<\/strong><\/p>\n\n\n\n<p><strong>1. B\u0103rbat, 91 ani, Foc\u0219ani, vaccinat cu schem\u0103 complet\u0103, internat la SJU Foc\u0219ani, sec\u021bia ATI;<\/strong><\/p>\n\n\n\n<p><strong>2. Femeie, 95 ani, Foc\u0219ani, nevaccinat\u0103, internat\u0103 la SJU Foc\u0219ani, sec\u021bia ATI;<\/strong><\/p>\n\n\n\n<p><strong>3. Femeie, 76 ani, Milcovul, nevaccinat\u0103, internat\u0103 la Spitalul Municipal Adjud, sec\u021bia Chirurgie;<\/strong><\/p>\n\n\n\n<p><strong>4. Femeie, 79 ani, M\u0103r\u0103\u0219e\u0219ti, nevaccinat\u0103, internat\u0103 la Spitalul Municipal Adjud, sec\u021bia Medicin\u0103 Intern\u0103;<\/strong><\/p>\n\n\n\n<p><strong>5. Femeie, 64 ani, Adjud, nevaccinat\u0103, Spitalul Municipal Adjud, sec\u021bia ATI.<\/strong><\/p>\n\n\n\n<p>Direc\u021bia de S\u0103n\u0103tate Public\u0103 Vrancea a efectuat p\u00e2n\u0103 acum<strong> 90.973 de teste, <\/strong>fiind depistate<strong> 23.028 &nbsp;persoane pozitiv.<\/strong><\/p>\n\n\n\n<p>Reamintim faptul c\u0103 a fost \u00eenfiin\u021bat\u0103 o linie <strong>TelVerde \u2013 0800800165<\/strong>, la care cet\u0103\u021benii vor putea sesiza cazurile de \u00eenc\u0103lcare a normelor de protec\u021bie sanitar\u0103.<\/p>\n\n\n\n<p><strong><u>DSP Vrancea a efectuat&nbsp; 23&nbsp; misiuni cu&nbsp; participarea unui&nbsp; numar de&nbsp; 18 cadre&nbsp; medicale<\/u><\/strong><\/p>\n\n\n\n<p><strong>&#8211; 2 misiuni<\/strong> cu <strong>2 cadre medicale<\/strong> pentru codificarea probelor recoltate la cazurile suspecte&nbsp; COVID;<\/p>\n\n\n\n<p><strong>&#8211; 3 misiuni<\/strong> cu <strong>2&nbsp; cadre medicale<\/strong> pentru introducere coduri noi in baza de date;<\/p>\n\n\n\n<p><strong>&#8211; 5 misiuni<\/strong> cu <strong>5&nbsp; cadre medicale<\/strong> pentru efectuarea anchetelor epidemiologice;<\/p>\n\n\n\n<p><strong>&#8211; 2 misiuni<\/strong> cu <strong>1 cadru medical<\/strong>&nbsp; in vederea raportarii stocurilor de materiale;<\/p>\n\n\n\n<p><strong>&#8211; 2 misiuni<\/strong> cu <strong>1 cadru&nbsp; medical<\/strong>&nbsp; pentru receptie si preluare probe biologice;<\/p>\n\n\n\n<p>&nbsp;<strong>-2 misiuni<\/strong> cu <strong>2 cadre&nbsp; medicale<\/strong>&nbsp; pentru eliberarea certificatelor digitale Covid \u2013 19;<\/p>\n\n\n\n<p>&#8211; <strong>1 misiune<\/strong> cu <strong>1 cadru DSP<\/strong> pentru transport vaccin;<\/p>\n\n\n\n<p><strong>&#8211; 5 misiuni<\/strong> cu <strong>3 cadre medicale<\/strong> pentru inregistrarea anchetelor epidemiologice in platforma CORONA FORMS;<\/p>\n\n\n\n<p>&#8211; <strong>1 misiune<\/strong> cu <strong>1 cadru medical<\/strong> pentru raportarea situatiilor zilnice la CJCCI.<\/p><div id=\"dspvn-1682395544\" class=\"dspvn-continut dspvn-entity-placement\" style=\"margin-bottom: 10px;margin-left: auto;margin-right: auto;text-align: center;\"><a href=\"https:\/\/www.fiipregatit.ro\/\" target=\"_blank\" aria-label=\"www.fiipregatit.ro\"><img src=\"https:\/\/www.dspvn.ro\/wp-content\/uploads\/2023\/07\/fiipreg.jpg\" alt=\"www.fiipregatit.ro\"  srcset=\"https:\/\/www.dspvn.ro\/wp-content\/uploads\/2023\/07\/fiipreg.jpg 946w, https:\/\/www.dspvn.ro\/wp-content\/uploads\/2023\/07\/fiipreg-300x25.jpg 300w, https:\/\/www.dspvn.ro\/wp-content\/uploads\/2023\/07\/fiipreg-150x12.jpg 150w, https:\/\/www.dspvn.ro\/wp-content\/uploads\/2023\/07\/fiipreg-768x63.jpg 768w, https:\/\/www.dspvn.ro\/wp-content\/uploads\/2023\/07\/fiipreg-600x49.jpg 600w\" sizes=\"(max-width: 946px) 100vw, 946px\" class=\"no-lazyload\" width=\"800\" height=\"78\"  style=\"display: inline-block;\" \/><\/a><\/div>\n","protected":false},"excerpt":{"rendered":"<p>\u00cen jude\u021bul Vrancea, \u00een data de 08 februarie 2022, dup\u0103 intrarea \u00een vigoare a Legii 136\/2020 privind carantina \u0219i izolarea, se afl\u0103: \u2022 735 persoane \u00een carantin\u0103 la domiciliu; \u2022 1180 persoane \u00een izolare la domiciliu; \u2022 173 persoane \u00een izolare institu\u021bionalizat\u0103, dintre care 13 persoane sunt internate la ATI, 6 la Adjud \u0219i 7 [&hellip;]<\/p>\n","protected":false},"author":2,"featured_media":1720,"comment_status":"closed","ping_status":"","sticky":false,"template":"","format":"standard","meta":{"_regular_price":[],"currency_symbol":[],"_lmt_disableupdate":"","_lmt_disable":"","footnotes":""},"categories":[18],"tags":[],"class_list":["post-4771","post","type-post","status-publish","format-standard","has-post-thumbnail","hentry","category-buletine-info"],"post_slider_layout_featured_media_urls":{"thumbnail":["https:\/\/www.dspvn.ro\/wp-content\/uploads\/2020\/12\/DSP-iarna-2-150x68.jpg",150,68,true],"post_slider_layout_landscape_large":["https:\/\/www.dspvn.ro\/wp-content\/uploads\/2020\/12\/DSP-iarna-2.jpg",999,455,false],"post_slider_layout_portrait_large":["https:\/\/www.dspvn.ro\/wp-content\/uploads\/2020\/12\/DSP-iarna-2.jpg",999,455,false],"post_slider_layout_square_large":["https:\/\/www.dspvn.ro\/wp-content\/uploads\/2020\/12\/DSP-iarna-2.jpg",999,455,false],"post_slider_layout_landscape":["https:\/\/www.dspvn.ro\/wp-content\/uploads\/2020\/12\/DSP-iarna-2.jpg",600,273,false],"post_slider_layout_portrait":["https:\/\/www.dspvn.ro\/wp-content\/uploads\/2020\/12\/DSP-iarna-2.jpg",600,273,false],"post_slider_layout_square":["https:\/\/www.dspvn.ro\/wp-content\/uploads\/2020\/12\/DSP-iarna-2.jpg",600,273,false],"full":["https:\/\/www.dspvn.ro\/wp-content\/uploads\/2020\/12\/DSP-iarna-2.jpg",999,455,false]},"modified_by":null,"_links":{"self":[{"href":"https:\/\/www.dspvn.ro\/index.php\/wp-json\/wp\/v2\/posts\/4771","targetHints":{"allow":["GET"]}}],"collection":[{"href":"https:\/\/www.dspvn.ro\/index.php\/wp-json\/wp\/v2\/posts"}],"about":[{"href":"https:\/\/www.dspvn.ro\/index.php\/wp-json\/wp\/v2\/types\/post"}],"author":[{"embeddable":true,"href":"https:\/\/www.dspvn.ro\/index.php\/wp-json\/wp\/v2\/users\/2"}],"replies":[{"embeddable":true,"href":"https:\/\/www.dspvn.ro\/index.php\/wp-json\/wp\/v2\/comments?post=4771"}],"version-history":[{"count":1,"href":"https:\/\/www.dspvn.ro\/index.php\/wp-json\/wp\/v2\/posts\/4771\/revisions"}],"predecessor-version":[{"id":4772,"href":"https:\/\/www.dspvn.ro\/index.php\/wp-json\/wp\/v2\/posts\/4771\/revisions\/4772"}],"wp:featuredmedia":[{"embeddable":true,"href":"https:\/\/www.dspvn.ro\/index.php\/wp-json\/wp\/v2\/media\/1720"}],"wp:attachment":[{"href":"https:\/\/www.dspvn.ro\/index.php\/wp-json\/wp\/v2\/media?parent=4771"}],"wp:term":[{"taxonomy":"category","embeddable":true,"href":"https:\/\/www.dspvn.ro\/index.php\/wp-json\/wp\/v2\/categories?post=4771"},{"taxonomy":"post_tag","embeddable":true,"href":"https:\/\/www.dspvn.ro\/index.php\/wp-json\/wp\/v2\/tags?post=4771"}],"curies":[{"name":"wp","href":"https:\/\/api.w.org\/{rel}","templated":true}]}}