{"id":4881,"date":"2022-03-02T14:57:22","date_gmt":"2022-03-02T11:57:22","guid":{"rendered":"https:\/\/www.dspvn.ro\/?p=4881"},"modified":"2022-03-02T14:57:22","modified_gmt":"2022-03-02T11:57:22","slug":"buletin-informativ-jud-vrancea-2-martie-2022","status":"publish","type":"post","link":"https:\/\/www.dspvn.ro\/index.php\/2022\/03\/02\/buletin-informativ-jud-vrancea-2-martie-2022\/","title":{"rendered":"Buletin informativ jud. Vrancea \u2013 2 martie 2022"},"content":{"rendered":"\n<p>\u00cen jude\u021bul Vrancea, \u00een data de <strong>2 martie 2022<\/strong>, dup\u0103 intrarea \u00een vigoare a Legii 136\/2020 privind carantina \u0219i izolarea, se afl\u0103:<\/p>\n\n\n\n<p>\u2022 <strong>218 persoane \u00een carantin\u0103 la domiciliu<\/strong>;<\/p>\n\n\n\n<p>\u2022 <strong>141 persoane \u00een izolare la domiciliu;<\/strong><\/p>\n\n\n\n<p>\u2022 <strong>56 persoane \u00een izolare institu\u021bionalizat\u0103, dintre care 8 persoane sunt internate la ATI, 5 la Adjud \u0219i 3 la Foc\u0219ani;<\/strong><\/p>\n\n\n\n<p>\u2022 <strong>25.008 persoane vindecate;<\/strong><\/p>\n\n\n\n<p>\u2022 <strong>935 persoane decedate. &nbsp;\u00cen ultimele 24 de ore, au fost raportate patru decese:<\/strong><\/p>\n\n\n\n<p><strong>1. B\u0103rbat, 79 ani, M\u0103r\u0103\u0219e\u0219ti, nevaccinat, internat la SJU Foc\u0219ani \u2013 sec\u021bia ATI;<\/strong><\/p>\n\n\n\n<p><strong>2. B\u0103rbat, 35 ani, Andreia\u0219u, nevaccinat, cu comorbidit\u0103\u021bi (ciroz\u0103 hepatic\u0103), internat la SJU Foc\u0219ani \u2013 sec\u021bia ATI;<\/strong><\/p>\n\n\n\n<p><strong>3. B\u0103rbat, 76 ani, Foc\u0219ani, nevaccinat, internat la SJU Foc\u0219ani \u2013 sec\u021bia ATI;<\/strong><\/p>\n\n\n\n<p><strong>4. B\u0103rbat, 87 ani, Gura Cali\u021bei, nevaccinat, internat la SJU Foc\u0219ani \u2013 sec\u021bia ATI.<\/strong><\/p>\n\n\n\n<p>Direc\u021bia de S\u0103n\u0103tate Public\u0103 Vrancea a efectuat p\u00e2n\u0103 acum<strong> 94.601 de teste, <\/strong>fiind depistate<strong> 25.362 persoane pozitiv.<\/strong><\/p>\n\n\n\n<p>Reamintim faptul c\u0103 a fost \u00eenfiin\u021bat\u0103 o linie <strong>TelVerde \u2013 0800800165<\/strong>, la care cet\u0103\u021benii vor putea sesiza cazurile de \u00eenc\u0103lcare a normelor de protec\u021bie sanitar\u0103.<\/p>\n\n\n\n<p><strong><u>DSP Vrancea a efectuat&nbsp; 14&nbsp; misiuni cu&nbsp; participarea unui&nbsp; num\u0103r de&nbsp; 14 cadre&nbsp; medicale<\/u><\/strong> <strong>si 1 mijloc auto, astfel<\/strong><strong><u>:<\/u><\/strong><strong><u><\/u><\/strong><\/p>\n\n\n\n<p>&#8211; <strong>2 misiuni<\/strong> cu <strong>3 cadre<\/strong> medicale pentru codificarea probelor recoltate la cazurile suspecte&nbsp; COVID;<\/p>\n\n\n\n<p>&#8211; <strong>2 misiuni<\/strong> cu <strong>2&nbsp; cadre<\/strong> medicale pentru introducere coduri noi in baza de date;<\/p>\n\n\n\n<p>&#8211; <strong>3 misiuni<\/strong> cu&nbsp; <strong>3 cadre<\/strong> medicale pentru efectuarea anchetelor epidemiologice;<\/p>\n\n\n\n<p>&#8211; <strong>2 misiuni<\/strong> cu <strong>1 cadru<\/strong>&nbsp; medical&nbsp; pentru receptie si preluare&nbsp; probe biologice;<\/p>\n\n\n\n<p>&#8211; <strong>1 misiuni<\/strong> cu <strong>1 cadru<\/strong>&nbsp; medicale pentru eliberarea certificatelor digitale Covid \u2013 19;<\/p>\n\n\n\n<p>&#8211; <strong>2 misiuni<\/strong> cu <strong>2 cadre<\/strong> medicale pentru inregistrarea anchetelor epidemiologice in platforma CORONA FORMS;<\/p>\n\n\n\n<p>&#8211; <strong>1 misiune<\/strong> cu <strong>1 cadru<\/strong> medical pentru raportarea situatiilor zilnice la CJCCI; &#8211; <strong>1 misiune<\/strong> cu <strong>1 cadru<\/strong> \u0219i <strong>1 mijloc auto<\/strong> pentru transport vaccin.<\/p><div id=\"dspvn-1071699481\" class=\"dspvn-continut dspvn-entity-placement\" style=\"margin-bottom: 10px;margin-left: auto;margin-right: auto;text-align: center;\"><a href=\"https:\/\/www.fiipregatit.ro\/\" target=\"_blank\" aria-label=\"www.fiipregatit.ro\"><img src=\"https:\/\/www.dspvn.ro\/wp-content\/uploads\/2023\/07\/fiipreg.jpg\" alt=\"www.fiipregatit.ro\"  srcset=\"https:\/\/www.dspvn.ro\/wp-content\/uploads\/2023\/07\/fiipreg.jpg 946w, https:\/\/www.dspvn.ro\/wp-content\/uploads\/2023\/07\/fiipreg-300x25.jpg 300w, https:\/\/www.dspvn.ro\/wp-content\/uploads\/2023\/07\/fiipreg-150x12.jpg 150w, https:\/\/www.dspvn.ro\/wp-content\/uploads\/2023\/07\/fiipreg-768x63.jpg 768w, https:\/\/www.dspvn.ro\/wp-content\/uploads\/2023\/07\/fiipreg-600x49.jpg 600w\" sizes=\"(max-width: 946px) 100vw, 946px\" class=\"no-lazyload\" width=\"800\" height=\"78\"  style=\"display: inline-block;\" \/><\/a><\/div>\n","protected":false},"excerpt":{"rendered":"<p>\u00cen jude\u021bul Vrancea, \u00een data de 2 martie 2022, dup\u0103 intrarea \u00een vigoare a Legii 136\/2020 privind carantina \u0219i izolarea, se afl\u0103: \u2022 218 persoane \u00een carantin\u0103 la domiciliu; \u2022 141 persoane \u00een izolare la domiciliu; \u2022 56 persoane \u00een izolare institu\u021bionalizat\u0103, dintre care 8 persoane sunt internate la ATI, 5 la Adjud \u0219i 3 [&hellip;]<\/p>\n","protected":false},"author":2,"featured_media":1717,"comment_status":"closed","ping_status":"","sticky":false,"template":"","format":"standard","meta":{"_regular_price":[],"currency_symbol":[],"_lmt_disableupdate":"","_lmt_disable":"","footnotes":""},"categories":[18],"tags":[],"class_list":["post-4881","post","type-post","status-publish","format-standard","has-post-thumbnail","hentry","category-buletine-info"],"post_slider_layout_featured_media_urls":{"thumbnail":["https:\/\/www.dspvn.ro\/wp-content\/uploads\/2020\/12\/DSP-iarna-1-150x68.jpg",150,68,true],"post_slider_layout_landscape_large":["https:\/\/www.dspvn.ro\/wp-content\/uploads\/2020\/12\/DSP-iarna-1.jpg",999,454,false],"post_slider_layout_portrait_large":["https:\/\/www.dspvn.ro\/wp-content\/uploads\/2020\/12\/DSP-iarna-1.jpg",999,454,false],"post_slider_layout_square_large":["https:\/\/www.dspvn.ro\/wp-content\/uploads\/2020\/12\/DSP-iarna-1.jpg",999,454,false],"post_slider_layout_landscape":["https:\/\/www.dspvn.ro\/wp-content\/uploads\/2020\/12\/DSP-iarna-1.jpg",600,273,false],"post_slider_layout_portrait":["https:\/\/www.dspvn.ro\/wp-content\/uploads\/2020\/12\/DSP-iarna-1.jpg",600,273,false],"post_slider_layout_square":["https:\/\/www.dspvn.ro\/wp-content\/uploads\/2020\/12\/DSP-iarna-1.jpg",600,273,false],"full":["https:\/\/www.dspvn.ro\/wp-content\/uploads\/2020\/12\/DSP-iarna-1.jpg",999,454,false]},"modified_by":null,"_links":{"self":[{"href":"https:\/\/www.dspvn.ro\/index.php\/wp-json\/wp\/v2\/posts\/4881","targetHints":{"allow":["GET"]}}],"collection":[{"href":"https:\/\/www.dspvn.ro\/index.php\/wp-json\/wp\/v2\/posts"}],"about":[{"href":"https:\/\/www.dspvn.ro\/index.php\/wp-json\/wp\/v2\/types\/post"}],"author":[{"embeddable":true,"href":"https:\/\/www.dspvn.ro\/index.php\/wp-json\/wp\/v2\/users\/2"}],"replies":[{"embeddable":true,"href":"https:\/\/www.dspvn.ro\/index.php\/wp-json\/wp\/v2\/comments?post=4881"}],"version-history":[{"count":1,"href":"https:\/\/www.dspvn.ro\/index.php\/wp-json\/wp\/v2\/posts\/4881\/revisions"}],"predecessor-version":[{"id":4882,"href":"https:\/\/www.dspvn.ro\/index.php\/wp-json\/wp\/v2\/posts\/4881\/revisions\/4882"}],"wp:featuredmedia":[{"embeddable":true,"href":"https:\/\/www.dspvn.ro\/index.php\/wp-json\/wp\/v2\/media\/1717"}],"wp:attachment":[{"href":"https:\/\/www.dspvn.ro\/index.php\/wp-json\/wp\/v2\/media?parent=4881"}],"wp:term":[{"taxonomy":"category","embeddable":true,"href":"https:\/\/www.dspvn.ro\/index.php\/wp-json\/wp\/v2\/categories?post=4881"},{"taxonomy":"post_tag","embeddable":true,"href":"https:\/\/www.dspvn.ro\/index.php\/wp-json\/wp\/v2\/tags?post=4881"}],"curies":[{"name":"wp","href":"https:\/\/api.w.org\/{rel}","templated":true}]}}