{"id":5098,"date":"2022-04-05T11:01:20","date_gmt":"2022-04-05T08:01:20","guid":{"rendered":"https:\/\/www.dspvn.ro\/?p=5098"},"modified":"2022-04-05T11:01:20","modified_gmt":"2022-04-05T08:01:20","slug":"7-aprilie-2022-ziua-mondiala-a-sanatatii-planeta-noastra-sanatatea-noastra-sa-inlaturam-poluarea-aerului-apei-si-hranei","status":"publish","type":"post","link":"https:\/\/www.dspvn.ro\/index.php\/2022\/04\/05\/7-aprilie-2022-ziua-mondiala-a-sanatatii-planeta-noastra-sanatatea-noastra-sa-inlaturam-poluarea-aerului-apei-si-hranei\/","title":{"rendered":"7 aprilie 2022\u00a0 &#8211;\u00a0Ziua Mondial\u0103 a S\u0103n\u0103t\u0103\u021bii\u00a0 &#8211; \u201ePlaneta noastr\u0103 \u2013 S\u0103n\u0103tatea noastr\u0103 * S\u0103 \u00eenl\u0103tur\u0103m poluarea aerului, apei \u0219i hranei!\u201d"},"content":{"rendered":"\n<p>Anual, la 7 aprilie, este s\u0103rb\u0103torit\u0103 <strong>Ziua Mondial\u0103 a S\u0103n\u0103t\u0103\u0163ii<\/strong>, cu scopul de a eviden\u0163ia o tem\u0103 de s\u0103n\u0103tate specific\u0103 unui domeniu prioritar ce provoac\u0103 \u00eengrijorare pentru Organiza\u0163ia Mondial\u0103 a S\u0103n\u0103t\u0103\u0163ii (OMS).<\/p>\n\n\n\n<p>\u00cen 1948, cu prilejul primei \u00eentruniri globale dedicat\u0103 s\u0103n\u0103t\u0103\u0163ii \u015fi g\u0103zduit\u0103 de Organiza\u0163ia Mondial\u0103 a S\u0103n\u0103t\u0103\u0163ii, s-a hot\u0103r\u00e2t aniversarea la 7 aprilie a Zilei mondiale a s\u0103n\u0103t\u0103\u0163ii. La aceast\u0103 dat\u0103 a intrat \u00een vigoare Conven\u0163ia OMS. Organiza\u0163ia Mondial\u0103 a S\u0103n\u0103t\u0103\u0163ii este o institu\u0163ie specializat\u0103 a Na\u0163iunilor Unite care a fost creat\u0103 la 22 iulie 1946, cu sediul la Geneva. Ziua mondial\u0103 a s\u0103n\u0103t\u0103\u0163ii a fost marcat\u0103 pentru prima dat\u0103 \u00een 1950.<\/p>\n\n\n\n<p>\u00cen ultimii 50 de ani, marcarea zilei mondiale a s\u0103n\u0103t\u0103\u0163ii a scos \u00een eviden\u0163\u0103 aspecte importante legate de s\u0103n\u0103tate, cum ar fi s\u0103n\u0103tatea mintal\u0103, \u00eengrijirea mamelor \u015fi a copiilor, dar \u015fi schimb\u0103rile climatice cu repercusiuni asupra s\u0103n\u0103t\u0103\u0163ii. S\u0103rb\u0103toarea este marcat\u0103 de activit\u0103\u0163i care se extind dincolo de ziua \u00een sine \u015fi servesc drept ocazie de a concentra aten\u0163ia mondial\u0103 asupra acestor aspecte importante ale s\u0103n\u0103t\u0103\u0163ii globale.<\/p>\n\n\n\n<p><strong>\u201ePlaneta noastr\u0103 \u2013 S\u0103n\u0103tatea noastr\u0103\u201d<\/strong> este tema din 2022 a acestei zile. \u00cen mijlocul unei pandemii, a unei planete poluate, a frecven\u0163ei bolilor \u00een cre\u015ftere precum cancerul, astmul, bolile de inim\u0103, de Ziua Mondial\u0103 a S\u0103n\u0103t\u0103\u021bii din acest an, OMS \u00ee\u0219i va concentra&nbsp;aten\u0163ia global\u0103 asupra ac\u0163iunilor urgen\u021be necesare pentru a men\u021bine oamenii \u015fi planeta&nbsp;\u00een condi\u021bii optime \u015fi pentru a promova o mi\u015fcare de creare a societ\u0103\u0163ilor \u00een care economiile<\/p>\n\n\n\n<p>se concentreaz\u0103 asupra s\u0103n\u0103t\u0103\u0163ii \u015fi bun\u0103st\u0103rii planetare \u015fi umane.<\/p>\n\n\n\n<p>OMS estimeaz\u0103 c\u0103 peste 13 milioane\u00b7de decese din \u00eentreaga lume, \u00een fiecare an, se datoreaz\u0103<\/p>\n\n\n\n<p>unor cauze de mediu care pot fi evitate. Aceasta include criza climatic\u0103, care este cea mai mare amenin\u0163are pentru s\u0103n\u0103tate cu care se confrunt\u0103 umanitatea. Criza climatic\u0103 este \u015fi o criz\u0103 de s\u0103n\u0103tate.<\/p>\n\n\n\n<p>Poluarea aerului are un efect dezastruos asupra copiilor. La nivel mondial, p\u00e2n\u0103 la 14% dintre copiii cu v\u00e2rsta cuprins\u0103 \u00eentre 5 \u015fi 18 ani sufer\u0103 de astm bron\u0219ic legat de factori de mediu, inclusiv poluarea aerului. \u00cen fiecare an, 543 000 de copii sub 5 ani mor din cauza bolilor respiratorii legate de poluarea aerului.<\/p>\n\n\n\n<p>Poluarea aerului este, de asemenea, un factor determinant al cancerele din copil\u0103rie. Dac\u0103 femeile \u00eens\u0103rcinate sunt expuse la poluarea aerului, aceasta poate afecta cre\u0219terea creierului fetal. Poluarea aerului este, de asemenea, corelat\u0103 cu tulbur\u0103ri cognitive, at\u00e2t la copii, c\u00e2t \u015fi la adul\u0163i.<\/p>\n\n\n\n<p>Pe l\u00e2ng\u0103 faptul c\u0103 ne afecteaz\u0103 s\u0103n\u0103tatea, poluan\u0163ii din aer cauzeaz\u0103, de asemenea, daune mediului \u00eenconjur\u0103tor pe termen lung, provoc\u00e2nd schimb\u0103rile climatice, ele \u00eensele o amenin\u0163are major\u0103 pentru s\u0103n\u0103tate \u015fi bun\u0103stare.<\/p>\n\n\n\n<p>Deciziile noastre politice, sociale \u015fi comerciale conduc la criza climatic\u0103 \u015fi de s\u0103n\u0103tate.<\/p>\n\n\n\n<p>\u00cen aceast\u0103 zi, dedicat\u0103 S\u0103n\u0103t\u0103\u021bii Planetei noastre, suntem capabili s\u0103 reimagin\u0103m o lume:<\/p>\n\n\n\n<p><em>&#8211; \u00een care aerul curat, apa\u00b7 \u015fi alimentele sunt disponibile pentru to\u0163i?<\/em><\/p>\n\n\n\n<p><em>&#8211; unde economiile sunt concentrate pe s\u0103n\u0103tate \u015fi bun\u0103stare?- unde ora\u015fele pot fi locuite \u015fi oamenii au control asupra s\u0103n\u0103t\u0103\u0163ii lor \u015fi asupra s\u0103n\u0103t\u0103\u0163ii\u00a0planetei?<\/em><\/p><div id=\"dspvn-1984754414\" class=\"dspvn-continut dspvn-entity-placement\" style=\"margin-bottom: 10px;margin-left: auto;margin-right: auto;text-align: center;\"><a href=\"https:\/\/www.fiipregatit.ro\/\" target=\"_blank\" aria-label=\"www.fiipregatit.ro\"><img src=\"https:\/\/www.dspvn.ro\/wp-content\/uploads\/2023\/07\/fiipreg.jpg\" alt=\"www.fiipregatit.ro\"  srcset=\"https:\/\/www.dspvn.ro\/wp-content\/uploads\/2023\/07\/fiipreg.jpg 946w, https:\/\/www.dspvn.ro\/wp-content\/uploads\/2023\/07\/fiipreg-300x25.jpg 300w, https:\/\/www.dspvn.ro\/wp-content\/uploads\/2023\/07\/fiipreg-150x12.jpg 150w, https:\/\/www.dspvn.ro\/wp-content\/uploads\/2023\/07\/fiipreg-768x63.jpg 768w, https:\/\/www.dspvn.ro\/wp-content\/uploads\/2023\/07\/fiipreg-600x49.jpg 600w\" sizes=\"(max-width: 946px) 100vw, 946px\" class=\"no-lazyload\" width=\"800\" height=\"78\"  style=\"display: inline-block;\" \/><\/a><\/div>\n\n\n\n<figure class=\"wp-block-image size-full\"><img fetchpriority=\"high\" decoding=\"async\" width=\"900\" height=\"624\" src=\"https:\/\/www.dspvn.ro\/wp-content\/uploads\/2022\/04\/Pliant-decidenti-1.jpg\" alt=\"\" class=\"wp-image-5099\" srcset=\"https:\/\/www.dspvn.ro\/wp-content\/uploads\/2022\/04\/Pliant-decidenti-1.jpg 900w, https:\/\/www.dspvn.ro\/wp-content\/uploads\/2022\/04\/Pliant-decidenti-1-300x208.jpg 300w, https:\/\/www.dspvn.ro\/wp-content\/uploads\/2022\/04\/Pliant-decidenti-1-150x104.jpg 150w, https:\/\/www.dspvn.ro\/wp-content\/uploads\/2022\/04\/Pliant-decidenti-1-768x532.jpg 768w, https:\/\/www.dspvn.ro\/wp-content\/uploads\/2022\/04\/Pliant-decidenti-1-600x416.jpg 600w\" sizes=\"(max-width: 900px) 100vw, 900px\" \/><\/figure>\n\n\n\n<figure class=\"wp-block-image size-full\"><img decoding=\"async\" width=\"900\" height=\"604\" src=\"https:\/\/www.dspvn.ro\/wp-content\/uploads\/2022\/04\/Pliant-decidenti-2.jpg\" alt=\"\" class=\"wp-image-5100\" srcset=\"https:\/\/www.dspvn.ro\/wp-content\/uploads\/2022\/04\/Pliant-decidenti-2.jpg 900w, https:\/\/www.dspvn.ro\/wp-content\/uploads\/2022\/04\/Pliant-decidenti-2-300x201.jpg 300w, https:\/\/www.dspvn.ro\/wp-content\/uploads\/2022\/04\/Pliant-decidenti-2-150x101.jpg 150w, https:\/\/www.dspvn.ro\/wp-content\/uploads\/2022\/04\/Pliant-decidenti-2-768x515.jpg 768w, https:\/\/www.dspvn.ro\/wp-content\/uploads\/2022\/04\/Pliant-decidenti-2-600x403.jpg 600w\" sizes=\"(max-width: 900px) 100vw, 900px\" \/><\/figure>\n\n\n\n<figure class=\"wp-block-image size-full\"><img decoding=\"async\" width=\"900\" height=\"620\" src=\"https:\/\/www.dspvn.ro\/wp-content\/uploads\/2022\/04\/Pliant-pop-generala-1.jpg\" alt=\"\" class=\"wp-image-5101\" srcset=\"https:\/\/www.dspvn.ro\/wp-content\/uploads\/2022\/04\/Pliant-pop-generala-1.jpg 900w, https:\/\/www.dspvn.ro\/wp-content\/uploads\/2022\/04\/Pliant-pop-generala-1-300x207.jpg 300w, https:\/\/www.dspvn.ro\/wp-content\/uploads\/2022\/04\/Pliant-pop-generala-1-150x103.jpg 150w, https:\/\/www.dspvn.ro\/wp-content\/uploads\/2022\/04\/Pliant-pop-generala-1-768x529.jpg 768w, https:\/\/www.dspvn.ro\/wp-content\/uploads\/2022\/04\/Pliant-pop-generala-1-600x413.jpg 600w\" sizes=\"(max-width: 900px) 100vw, 900px\" \/><\/figure>\n\n\n\n<figure class=\"wp-block-image size-full\"><img loading=\"lazy\" decoding=\"async\" width=\"900\" height=\"576\" src=\"https:\/\/www.dspvn.ro\/wp-content\/uploads\/2022\/04\/Pliant-pop-generala-2.jpg\" alt=\"\" class=\"wp-image-5102\" srcset=\"https:\/\/www.dspvn.ro\/wp-content\/uploads\/2022\/04\/Pliant-pop-generala-2.jpg 900w, https:\/\/www.dspvn.ro\/wp-content\/uploads\/2022\/04\/Pliant-pop-generala-2-300x192.jpg 300w, https:\/\/www.dspvn.ro\/wp-content\/uploads\/2022\/04\/Pliant-pop-generala-2-150x96.jpg 150w, https:\/\/www.dspvn.ro\/wp-content\/uploads\/2022\/04\/Pliant-pop-generala-2-768x492.jpg 768w, https:\/\/www.dspvn.ro\/wp-content\/uploads\/2022\/04\/Pliant-pop-generala-2-600x384.jpg 600w\" sizes=\"(max-width: 900px) 100vw, 900px\" \/><\/figure>\n","protected":false},"excerpt":{"rendered":"<p>Anual, la 7 aprilie, este s\u0103rb\u0103torit\u0103 Ziua Mondial\u0103 a S\u0103n\u0103t\u0103\u0163ii, cu scopul de a eviden\u0163ia o tem\u0103 de s\u0103n\u0103tate specific\u0103 unui domeniu prioritar ce provoac\u0103 \u00eengrijorare pentru Organiza\u0163ia Mondial\u0103 a S\u0103n\u0103t\u0103\u0163ii (OMS). \u00cen 1948, cu prilejul primei \u00eentruniri globale dedicat\u0103 s\u0103n\u0103t\u0103\u0163ii \u015fi g\u0103zduit\u0103 de Organiza\u0163ia Mondial\u0103 a S\u0103n\u0103t\u0103\u0163ii, s-a hot\u0103r\u00e2t aniversarea la 7 aprilie a [&hellip;]<\/p>\n","protected":false},"author":2,"featured_media":5101,"comment_status":"closed","ping_status":"","sticky":false,"template":"","format":"standard","meta":{"_regular_price":[],"currency_symbol":[],"_lmt_disableupdate":"","_lmt_disable":"","footnotes":""},"categories":[1],"tags":[],"class_list":["post-5098","post","type-post","status-publish","format-standard","has-post-thumbnail","hentry","category-uncategorized"],"post_slider_layout_featured_media_urls":{"thumbnail":["https:\/\/www.dspvn.ro\/wp-content\/uploads\/2022\/04\/Pliant-pop-generala-1-150x103.jpg",150,103,true],"post_slider_layout_landscape_large":["https:\/\/www.dspvn.ro\/wp-content\/uploads\/2022\/04\/Pliant-pop-generala-1.jpg",900,620,false],"post_slider_layout_portrait_large":["https:\/\/www.dspvn.ro\/wp-content\/uploads\/2022\/04\/Pliant-pop-generala-1.jpg",900,620,false],"post_slider_layout_square_large":["https:\/\/www.dspvn.ro\/wp-content\/uploads\/2022\/04\/Pliant-pop-generala-1.jpg",900,620,false],"post_slider_layout_landscape":["https:\/\/www.dspvn.ro\/wp-content\/uploads\/2022\/04\/Pliant-pop-generala-1-600x400.jpg",600,400,true],"post_slider_layout_portrait":["https:\/\/www.dspvn.ro\/wp-content\/uploads\/2022\/04\/Pliant-pop-generala-1-600x620.jpg",600,620,true],"post_slider_layout_square":["https:\/\/www.dspvn.ro\/wp-content\/uploads\/2022\/04\/Pliant-pop-generala-1-600x600.jpg",600,600,true],"full":["https:\/\/www.dspvn.ro\/wp-content\/uploads\/2022\/04\/Pliant-pop-generala-1.jpg",900,620,false]},"modified_by":null,"_links":{"self":[{"href":"https:\/\/www.dspvn.ro\/index.php\/wp-json\/wp\/v2\/posts\/5098","targetHints":{"allow":["GET"]}}],"collection":[{"href":"https:\/\/www.dspvn.ro\/index.php\/wp-json\/wp\/v2\/posts"}],"about":[{"href":"https:\/\/www.dspvn.ro\/index.php\/wp-json\/wp\/v2\/types\/post"}],"author":[{"embeddable":true,"href":"https:\/\/www.dspvn.ro\/index.php\/wp-json\/wp\/v2\/users\/2"}],"replies":[{"embeddable":true,"href":"https:\/\/www.dspvn.ro\/index.php\/wp-json\/wp\/v2\/comments?post=5098"}],"version-history":[{"count":1,"href":"https:\/\/www.dspvn.ro\/index.php\/wp-json\/wp\/v2\/posts\/5098\/revisions"}],"predecessor-version":[{"id":5103,"href":"https:\/\/www.dspvn.ro\/index.php\/wp-json\/wp\/v2\/posts\/5098\/revisions\/5103"}],"wp:featuredmedia":[{"embeddable":true,"href":"https:\/\/www.dspvn.ro\/index.php\/wp-json\/wp\/v2\/media\/5101"}],"wp:attachment":[{"href":"https:\/\/www.dspvn.ro\/index.php\/wp-json\/wp\/v2\/media?parent=5098"}],"wp:term":[{"taxonomy":"category","embeddable":true,"href":"https:\/\/www.dspvn.ro\/index.php\/wp-json\/wp\/v2\/categories?post=5098"},{"taxonomy":"post_tag","embeddable":true,"href":"https:\/\/www.dspvn.ro\/index.php\/wp-json\/wp\/v2\/tags?post=5098"}],"curies":[{"name":"wp","href":"https:\/\/api.w.org\/{rel}","templated":true}]}}