{"id":5766,"date":"2023-03-14T15:42:13","date_gmt":"2023-03-14T12:42:13","guid":{"rendered":"https:\/\/www.dspvn.ro\/?p=5766"},"modified":"2023-03-14T15:42:13","modified_gmt":"2023-03-14T12:42:13","slug":"cu-un-zambet-mai-aproape-de-sanatate-martie-2023","status":"publish","type":"post","link":"https:\/\/www.dspvn.ro\/index.php\/2023\/03\/14\/cu-un-zambet-mai-aproape-de-sanatate-martie-2023\/","title":{"rendered":"\u201eCu un z\u00e2mbet mai aproape de s\u0103n\u0103tate!\u201d &#8211; Martie 2023"},"content":{"rendered":"\n<p class=\"has-black-color has-text-color\">   \u00cen luna martie, \u00een cadrul Programului Na\u021bional de Evaluare \u0219i Promovare a S\u0103n\u0103t\u0103\u021bii \u0219i Educa\u021bie pentru S\u0103n\u0103tate al Ministerului S\u0103n\u0103t\u0103\u021bii, se deruleaz\u0103 campania <strong><em>\u201eCu un z\u00e2mbet mai aproape de s\u0103n\u0103tate!\u201d<\/em><\/strong>. Prin intermediul acestei campanii, profesion\u0219tii din domeniul s\u0103n\u0103t\u0103\u021bii urm\u0103resc s\u0103 aduc\u0103 \u00een aten\u021bia public\u0103 problematica s\u0103n\u0103t\u0103\u021bii orale, s\u0103 discute despre necesitatea \u0219i oportunitatea interven\u021biilor preventive pentru copiii pre\u0219colari \u0219i s\u0103 \u00eencurajeze formarea unor deprinderi s\u0103n\u0103toase \u00een ceea ce prive\u0219te igiena dentar\u0103 \u0219i tratamentului precoce al poten\u0163ialelor probleme dentare.<\/p>\n\n\n\n<p class=\"has-black-color has-text-color\">    Ne al\u0103tur\u0103m astfel, ini\u021biativei Federa\u0163iei Interna\u0163ionale a Denti\u015ftilor respectiv <strong><em>Ziua Mondial\u0103 a S\u0103n\u0103t\u0103\u0163ii Orale<\/em><\/strong>, marcat\u0103 \u00een fiecare an, pe data de 20 martie cu scopul de a de a promova interven\u021bii eficiente pentru s\u0103n\u0103tatea oral\u0103.<\/p>\n\n\n\n<p class=\"has-black-color has-text-color\">Caria dentar\u0103 reprezint\u0103 cea mai r\u0103sp\u00e2ndit\u0103 boal\u0103 netransmisibil\u0103 \u0219i se coreleaz\u0103 la copii cu modele de cre\u0219tere nefavorabile, reprezent\u00e2nd \u0219i o cauz\u0103 frecvent\u0103 de absen\u021b\u0103 de la \u0219coal\u0103. Cariile dentare, asociate direct consumului de zah\u0103r, \u00een general unui stil de via\u021b\u0103 nes\u0103n\u0103tos (alimente \u0219i b\u0103uturi \u00eendulcite sau acide), dar \u0219i unei igiene orale deficitare, pot fi prevenite \u00een mare m\u0103sur\u0103 prin interven\u021bii individuale simple, cu costuri reduse, \u00een timp ce tratamentul este costisitor \u0219i dificil.<br>    Conform Organiza\u021biei Mondiale a S\u0103n\u0103t\u0103\u021bii, peste 530 milioane de copii sufer\u0103 de carii dentare netratate ale din\u021bilor primari (din\u021bii de lapte) \u0219i 796 milioane de persoane sunt afectate de boli parodontale.<\/p>\n\n\n\n<p class=\"has-black-color has-text-color\">    La noi \u00een \u021bar\u0103, 7 din 10 copii \u00een v\u00e2rst\u0103 de 6 ani examina\u021bi de medicii stomatologi \u0219colari nu au denti\u021bia integr\u0103 \u0219i jum\u0103tate dintre ei au nevoie de tratament preventiv sau curativ stomatologic, conform rezultatelor preliminare ale procesului de supraveghere \u0219i monitorizare a st\u0103rii de s\u0103n\u0103tate oral\u0103 a copiilor \u00een \u0219coli din cadrul Programului Na\u021bional de Evaluare \u0219i Promovare a S\u0103n\u0103t\u0103\u021bii \u0219i Educa\u021bie pentru s\u0103n\u0103tate, Subprogramul Evaluarea st\u0103rii de s\u0103n\u0103tate a copiilor \u0219i tinerilor.<br>\u00cen ceea ce prive\u0219te deprinderile de igien\u0103 dentar\u0103 \u0219i percep\u021bia propriei st\u0103ri de s\u0103n\u0103tate orale, din evaluarea opiniei p\u0103rin\u021bilor copiilor din grupa de v\u00e2rst\u0103 6-14 ani, a reie\u0219it c\u0103 aprox. 51% dintre responden\u021bi spun c\u0103 se spal\u0103 pe din\u021bi de dou\u0103 sau mai multe ori pe zi \u0219i 49% consider\u0103 c\u0103 au o stare de s\u0103n\u0103tate a din\u021bilor bun\u0103.<br>    Men\u021binerea s\u0103n\u0103t\u0103\u021bii orale este esen\u021bial\u0103 la toate v\u00e2rstele \u00eens\u0103 obiceiurile s\u0103n\u0103toase se deprind la v\u00e2rsta copil\u0103riei de aceea, introducerea sp\u0103latului pe din\u021bi, de la apari\u021bia primului dinte, \u00een programul zilnic al copilului precum \u0219i \u00eengrijirea cavit\u0103\u021bii bucale a bebelu\u0219ului sunt esen\u021biale.<\/p>\n\n\n\n<p class=\"has-black-color has-text-color\">Suportul metodologic al campaniei \u201eCu un z\u00e2mbet mai aproape de s\u0103n\u0103tate!\u201d. este asigurat de c\u0103tre Institutul Na\u021bional de S\u0103n\u0103tate Public\u0103 \u00een parteneriat cu Universitatea de Medicin\u0103 \u0219i Farmacie \u201dCarol Davila\u201d, iar la nivel jude\u021bean campania este implementat\u0103 de c\u0103tre Direc\u021bia de S\u0103n\u0103tate Public\u0103 a jude\u021bului Vrancea. <\/p>\n\n\n\n<figure class=\"wp-block-image size-large\"><img fetchpriority=\"high\" decoding=\"async\" width=\"1024\" height=\"719\" src=\"https:\/\/www.dspvn.ro\/wp-content\/uploads\/2023\/03\/stom1-1024x719.jpg\" alt=\"\" class=\"wp-image-5767\" srcset=\"https:\/\/www.dspvn.ro\/wp-content\/uploads\/2023\/03\/stom1-1024x719.jpg 1024w, https:\/\/www.dspvn.ro\/wp-content\/uploads\/2023\/03\/stom1-300x211.jpg 300w, https:\/\/www.dspvn.ro\/wp-content\/uploads\/2023\/03\/stom1-150x105.jpg 150w, https:\/\/www.dspvn.ro\/wp-content\/uploads\/2023\/03\/stom1-768x540.jpg 768w, https:\/\/www.dspvn.ro\/wp-content\/uploads\/2023\/03\/stom1-600x422.jpg 600w, https:\/\/www.dspvn.ro\/wp-content\/uploads\/2023\/03\/stom1.jpg 1301w\" sizes=\"(max-width: 1024px) 100vw, 1024px\" \/><\/figure>\n\n\n\n<p class=\"has-black-color has-text-color\">   \u00cen urma analizei de situa\u021bie s-a constatat c\u0103 deja la v\u00e2rsta de 6 ani exist\u0103 o prevalen\u021b\u0103 mare a afec\u021biunilor oro-dentare la copii, prevalen\u021b\u0103 care se ad\u00e2nce\u0219te la v\u00e2rste mai mari. Av\u00e2nd \u00een vedere poten\u021bialul preventiv important reprezentat de interven\u021biile educative pentru copii propunem drept grup \u021bint\u0103 pentru campania de informare, educare comunicare \u00een domeniul s\u0103n\u0103t\u0103\u021bii orale, copiii de v\u00e2rst\u0103 pre\u0219colar\u0103\/ \u0219i \u015fcolar\u0103 mic\u0103.<\/p>\n\n\n\n<p>Determinan\u021bii sociali ai st\u0103rii de s\u0103n\u0103tate (statutul socio-econonomic, s\u0103r\u0103cia, nivelul redus de educa\u021bie al p\u0103rin\u021bilor) conduc la apari\u021bia cariilor de la v\u00e2rste foarte fragede. Astfel, o aten\u021bie particular\u0103 trebuie acordat\u0103 categoriilor popula\u021bionale vulnerabile.<\/p>\n\n\n\n<p class=\"has-black-color has-text-color\">Necesitatea promov\u0103rii s\u0103n\u0103t\u0103\u0163ii \u00een \u015fcoli poate fi argumentat\u0103 prin urm\u0103toarele considera\u021bii:<br>\u2022 copil\u0103ria \u015fi adolescen\u0163a reprezint\u0103 anii de formare a comportamentelor, inclusiv cele privind s\u0103n\u0103tatea oral\u0103, ce vor \u00eenso\u0163i elevii \u015fi adolescen\u0163ii pe tot parcursul vie\u0163ii.<br>\u2022 \u0219colile pot oferi un mediu propice pentru promovarea s\u0103n\u0103t\u0103\u0163ii orale. Accesul la ap\u0103 potabil\u0103, de exemplu, poate permite desf\u0103\u015furarea programelor de igien\u0103 general\u0103 \u015fi oral\u0103. De asemenea, un mediu fizic sigur \u00een \u015fcoli poate contribui la reducerea riscului de accidente \u015fi traumatisme dentare.<br>\u2022 povara bolilor orale la copii este semnificativ\u0103. Majoritatea afec\u0163iunilor orale, odat\u0103 ap\u0103rute, sunt ireversibile \u015fi dureaz\u0103 \u00eentreaga via\u0163\u0103, av\u00e2nd impact negativ asupra calit\u0103\u021bii vie\u0163ii \u015fi st\u0103rii generale de s\u0103n\u0103tate.<br>\u2022 politicile \u015fcolare \u015fi educa\u0163ia pentru s\u0103n\u0103tate sunt esen\u0163iale pentru dob\u00e2ndirea comportamentelor s\u0103n\u0103toase \u015fi controlul factorilor de risc, cum ar fi aportul de alimente \u015fi b\u0103uturi dulci, consumul de tutun \u015fi alcool.<br>\u2022 \u0219colile pot oferi o platform\u0103 pentru furnizarea \u00eengrijirilor de s\u0103n\u0103tate oral\u0103, de exemplu servicii de prevenire \u015fi curative.<br>\u2022 cre\u0219terea frecven\u021bei periajului dentar poate fi realizat\u0103:<br>\u2022 prin educarea timpurie a copiilor de c\u0103tre p\u0103rin\u021bi,<br>\u2022 dar \u0219i prin campanii sus\u021binute \u00een \u0219coli, comunitate sau mass-media.<br>\u2003<br><strong><em>Concluzii generale<\/em><\/strong><\/p>\n\n\n\n<p class=\"has-black-color has-text-color\">   Caracterizarea s\u0103n\u0103t\u0103\u021bii orale \u00een Rom\u00e2nia av\u00e2nd la baz\u0103 date statistice clare \u0219i concludente reprezint\u0103 un deziderat dificil de pus \u00een practic\u0103, foarte greu de realizat.<br>   O cauz\u0103 a lipsei datelor este reprezentat\u0103 de faptul c\u0103 datele nu sunt colectate omogen, neav\u00e2nd la baz\u0103 o metodologie clar\u0103, un set de indicatori sau o obliga\u021bie a stomatologilor de a raporta aceste aspecte..<br>    Av\u00e2nd \u00een vedere asocierea unei s\u0103n\u0103t\u0103\u021bi orale precare cu riscul pentru boli cardiovasculare, diabet, boli metabolice, se impune dezvoltarea unor m\u0103suri de promovare a s\u0103n\u0103t\u0103\u021bii orale ca parte integrat\u0103 a promov\u0103rii s\u0103n\u0103t\u0103\u021bii \u00een general.<\/p>\n\n\n\n<p class=\"has-black-color has-text-color\">   Copiii pre\u0219colari pot fi inclu\u0219i ca a grup \u021bint\u0103 \u00een anchete de s\u0103n\u0103tate ca parte a popula\u021biei obi\u0219nuite \u0219i programe de supraveghere a s\u0103n\u0103t\u0103\u021bii orale.<\/p>\n\n\n\n<p class=\"has-black-color has-text-color\">    Programele de educa\u021bie pentru s\u0103n\u0103tate sunt eficace \u0219i eficiente \u00een adoptarea pe termen lung a unei igiene orale corecte.<br>   \u00cen \u021b\u0103rile \u00een care interven\u021biile de prevenire a cariilor din copil\u0103ria timpurie au fost integrate \u00een programele de s\u0103n\u0103tate a mamei \u0219i copilului de la nivelul asisten\u021bei medicale comunitare \u0219i asisten\u021bei medicale primare (prin informare\/educare\/comunicare cu p\u0103rin\u021bii), s-au redus vizitele la stomatolog, c\u00e2t \u0219i prevalen\u021ba cariilor la copiii cu v\u00e2rste mai mici de \u0219ase ani Programele care integreaz\u0103 s\u0103n\u0103tatea oral\u0103 \u0219i prevenirea bolilor cronice sunt benefice \u0219i s-au dovedit eficiente.<\/p><div id=\"dspvn-2285210242\" class=\"dspvn-continut dspvn-entity-placement\" style=\"margin-bottom: 10px;margin-left: auto;margin-right: auto;text-align: center;\"><a href=\"https:\/\/www.fiipregatit.ro\/\" target=\"_blank\" aria-label=\"www.fiipregatit.ro\"><img src=\"https:\/\/www.dspvn.ro\/wp-content\/uploads\/2023\/07\/fiipreg.jpg\" alt=\"www.fiipregatit.ro\"  srcset=\"https:\/\/www.dspvn.ro\/wp-content\/uploads\/2023\/07\/fiipreg.jpg 946w, https:\/\/www.dspvn.ro\/wp-content\/uploads\/2023\/07\/fiipreg-300x25.jpg 300w, https:\/\/www.dspvn.ro\/wp-content\/uploads\/2023\/07\/fiipreg-150x12.jpg 150w, https:\/\/www.dspvn.ro\/wp-content\/uploads\/2023\/07\/fiipreg-768x63.jpg 768w, https:\/\/www.dspvn.ro\/wp-content\/uploads\/2023\/07\/fiipreg-600x49.jpg 600w\" sizes=\"(max-width: 946px) 100vw, 946px\" class=\"no-lazyload\" width=\"800\" height=\"78\"  style=\"display: inline-block;\" \/><\/a><\/div>\n\n\n\n<figure class=\"wp-block-image size-large\"><img decoding=\"async\" width=\"1024\" height=\"717\" src=\"https:\/\/www.dspvn.ro\/wp-content\/uploads\/2023\/03\/stom2-1024x717.jpg\" alt=\"\" class=\"wp-image-5768\" srcset=\"https:\/\/www.dspvn.ro\/wp-content\/uploads\/2023\/03\/stom2-1024x717.jpg 1024w, https:\/\/www.dspvn.ro\/wp-content\/uploads\/2023\/03\/stom2-300x210.jpg 300w, https:\/\/www.dspvn.ro\/wp-content\/uploads\/2023\/03\/stom2-150x105.jpg 150w, https:\/\/www.dspvn.ro\/wp-content\/uploads\/2023\/03\/stom2-768x538.jpg 768w, https:\/\/www.dspvn.ro\/wp-content\/uploads\/2023\/03\/stom2-600x420.jpg 600w, https:\/\/www.dspvn.ro\/wp-content\/uploads\/2023\/03\/stom2.jpg 1302w\" sizes=\"(max-width: 1024px) 100vw, 1024px\" \/><\/figure>\n","protected":false},"excerpt":{"rendered":"<p>\u00cen luna martie, \u00een cadrul Programului Na\u021bional de Evaluare \u0219i Promovare a S\u0103n\u0103t\u0103\u021bii \u0219i Educa\u021bie pentru S\u0103n\u0103tate al Ministerului S\u0103n\u0103t\u0103\u021bii, se deruleaz\u0103 campania \u201eCu un z\u00e2mbet mai aproape de s\u0103n\u0103tate!\u201d. Prin intermediul acestei campanii, profesion\u0219tii din domeniul s\u0103n\u0103t\u0103\u021bii urm\u0103resc s\u0103 aduc\u0103 \u00een aten\u021bia public\u0103 problematica s\u0103n\u0103t\u0103\u021bii orale, s\u0103 discute despre necesitatea \u0219i oportunitatea interven\u021biilor preventive [&hellip;]<\/p>\n","protected":false},"author":1,"featured_media":5769,"comment_status":"closed","ping_status":"","sticky":false,"template":"","format":"standard","meta":{"_regular_price":[],"currency_symbol":[],"_lmt_disableupdate":"","_lmt_disable":"","footnotes":""},"categories":[1],"tags":[],"class_list":["post-5766","post","type-post","status-publish","format-standard","has-post-thumbnail","hentry","category-uncategorized"],"post_slider_layout_featured_media_urls":{"thumbnail":["https:\/\/www.dspvn.ro\/wp-content\/uploads\/2023\/03\/stom3-150x54.jpg",150,54,true],"post_slider_layout_landscape_large":["https:\/\/www.dspvn.ro\/wp-content\/uploads\/2023\/03\/stom3.jpg",970,349,false],"post_slider_layout_portrait_large":["https:\/\/www.dspvn.ro\/wp-content\/uploads\/2023\/03\/stom3.jpg",970,349,false],"post_slider_layout_square_large":["https:\/\/www.dspvn.ro\/wp-content\/uploads\/2023\/03\/stom3.jpg",970,349,false],"post_slider_layout_landscape":["https:\/\/www.dspvn.ro\/wp-content\/uploads\/2023\/03\/stom3-600x349.jpg",600,349,true],"post_slider_layout_portrait":["https:\/\/www.dspvn.ro\/wp-content\/uploads\/2023\/03\/stom3-600x349.jpg",600,349,true],"post_slider_layout_square":["https:\/\/www.dspvn.ro\/wp-content\/uploads\/2023\/03\/stom3-600x349.jpg",600,349,true],"full":["https:\/\/www.dspvn.ro\/wp-content\/uploads\/2023\/03\/stom3.jpg",970,349,false]},"modified_by":null,"_links":{"self":[{"href":"https:\/\/www.dspvn.ro\/index.php\/wp-json\/wp\/v2\/posts\/5766","targetHints":{"allow":["GET"]}}],"collection":[{"href":"https:\/\/www.dspvn.ro\/index.php\/wp-json\/wp\/v2\/posts"}],"about":[{"href":"https:\/\/www.dspvn.ro\/index.php\/wp-json\/wp\/v2\/types\/post"}],"author":[{"embeddable":true,"href":"https:\/\/www.dspvn.ro\/index.php\/wp-json\/wp\/v2\/users\/1"}],"replies":[{"embeddable":true,"href":"https:\/\/www.dspvn.ro\/index.php\/wp-json\/wp\/v2\/comments?post=5766"}],"version-history":[{"count":1,"href":"https:\/\/www.dspvn.ro\/index.php\/wp-json\/wp\/v2\/posts\/5766\/revisions"}],"predecessor-version":[{"id":5770,"href":"https:\/\/www.dspvn.ro\/index.php\/wp-json\/wp\/v2\/posts\/5766\/revisions\/5770"}],"wp:featuredmedia":[{"embeddable":true,"href":"https:\/\/www.dspvn.ro\/index.php\/wp-json\/wp\/v2\/media\/5769"}],"wp:attachment":[{"href":"https:\/\/www.dspvn.ro\/index.php\/wp-json\/wp\/v2\/media?parent=5766"}],"wp:term":[{"taxonomy":"category","embeddable":true,"href":"https:\/\/www.dspvn.ro\/index.php\/wp-json\/wp\/v2\/categories?post=5766"},{"taxonomy":"post_tag","embeddable":true,"href":"https:\/\/www.dspvn.ro\/index.php\/wp-json\/wp\/v2\/tags?post=5766"}],"curies":[{"name":"wp","href":"https:\/\/api.w.org\/{rel}","templated":true}]}}