{"id":6667,"date":"2025-11-17T09:40:08","date_gmt":"2025-11-17T07:40:08","guid":{"rendered":"https:\/\/www.dspvn.ro\/?p=6667"},"modified":"2025-11-17T09:40:09","modified_gmt":"2025-11-17T07:40:09","slug":"ziua-europeana-a-informarii-despre-antibiotice-18-noiembrie-2025","status":"publish","type":"post","link":"https:\/\/www.dspvn.ro\/index.php\/2025\/11\/17\/ziua-europeana-a-informarii-despre-antibiotice-18-noiembrie-2025\/","title":{"rendered":"Ziua European\u0103 a Inform\u0103rii despre Antibiotice -18 noiembrie 2025"},"content":{"rendered":"\n<p><\/p>\n\n\n\n<p class=\"has-black-color has-text-color has-link-color wp-elements-29b1614d49544b294f4f507c435f6c13\"> <strong><em>S\u0103pt\u0103m\u00e2na Mondial\u0103 de Con\u0219tientizare a Rezisten\u021bei Antimicrobiene, 18-24 noiembrie 2025<\/em><\/strong><br>  <strong><em>Ziua European\u0103 a Inform\u0103rii despre Antibiotice (European Antibiotic Awareness Day \u2013 EAAD)<\/em><\/strong>, marcat\u0103 \u00een data de <strong>18 noiembrie 2025<\/strong>, reprezint\u0103 o ini\u021biativ\u0103 european\u0103 anual\u0103 \u00een domeniul s\u0103n\u0103t\u0103\u021bii, av\u00e2nd ca obiectiv principal cre\u0219terea gradului de con\u0219tientizare privind utilizarea ra\u021bional\u0103 a antibioticelor. <br>   Tot \u00een aceast\u0103 lun\u0103, \u00een perioada 18-24 noiembrie 2025 este marcat\u0103 S\u0103pt\u0103m\u00e2na Mondial\u0103 de Con\u0219tientizare a Rezisten\u021bei Antimicrobiene.<br>\u00cempreun\u0103, aceste evenimente urm\u0103resc s\u0103 atrag\u0103 aten\u021bia asupra pericolului reprezentat de rezisten\u021ba la antimicrobiene (Antimicrobial resistance \u2013 AMR), una dintre cele mai stringente \u0219i persistente amenin\u021b\u0103ri la adresa s\u0103n\u0103t\u0103\u021bii publice la nivel global.<\/p>\n\n\n\n<p class=\"has-black-color has-text-color has-link-color wp-elements-49bc559ab1158db9234c4848702b484a\">   Antibioticele sunt medicamente esen\u021biale \u00een tratarea infec\u021biilor bacteriene. Descoperirea penicilinei de c\u0103tre Alexander Fleming \u00een 1928 a marcat \u00eenceputul unei noi ere \u00een medicin\u0103. Totu\u0219i, utilizarea excesiv\u0103, inadecvat\u0103 sau nejustificat\u0103 a antibioticelor a favorizat apari\u021bia bacteriilor rezistente, reduc\u00e2nd eficien\u021ba acestor medicamente vitale. (1)<\/p>\n\n\n\n<p class=\"has-black-color has-text-color has-link-color wp-elements-4a76f04dac4d8337a07daf8ea62470eb\">   Rezisten\u021ba antimicrobian\u0103 (AMR) reprezint\u0103 o problem\u0103 tot mai grav\u0103 la nivel global. Aceasta apare atunci c\u00e2nd agen\u021bii patogeni nu mai r\u0103spund la tratamentele obi\u0219nuite, f\u0103c\u00e2nd antibioticele \u0219i alte medicamente antimicrobiene ineficiente. \u00cen consecin\u021b\u0103, infec\u021biile devin mai greu sau chiar imposibil de tratat, ceea ce duce la cre\u0219terea riscului de r\u0103sp\u00e2ndire a bolilor, la cazuri de \u00eemboln\u0103vire sever\u0103 \u0219i la o rat\u0103 mai mare a deceselor.<br>   Rezisten\u021ba antimicrobian\u0103 afecteaz\u0103 nu doar sistemul de s\u0103n\u0103tate, ci \u0219i economia \u0219i societatea \u00een ansamblu, fiind nevoie de ac\u021biuni urgente pentru utilizarea responsabil\u0103 a antibioticelor \u0219i pentru prevenirea apari\u021biei \u0219i r\u0103sp\u00e2ndirii acestor forme rezistente de infec\u021bii. (2)<\/p>\n\n\n\n<p class=\"has-black-color has-text-color has-link-color wp-elements-30f245fdffad57952b1343d867d8ad39\">   \u00cen prezent, \u00een Uniunea European\u0103 \u0219i Spa\u021biul Economic European, AMR este responsabil\u0103 pentru peste 35.000 de decese anual. \u00cen fiecare an, \u00een Europa se \u00eenregistreaz\u0103 aproximativ 670.000 de infec\u021bii cauzate de bacterii rezistente la antibiotice, fenomen care subliniaz\u0103 urgen\u021ba ac\u021biunilor coordonate la nivel european. (3)<\/p>\n\n\n\n<p class=\"has-black-color has-text-color has-link-color wp-elements-1c540eff23cd0e7e06344c72b2bacb10\">Rom\u00e2nia se confrunt\u0103 cu o provocare semnificativ\u0103, av\u00e2nd \u00een anul 2021 cel mai mare consum de antibiotice din Uniunea European\u0103 \u2013 25,7 DDD\/1000 locuitori\/zi. Comisia European\u0103, \u00eempreun\u0103 cu statele membre, a identificat AMR drept una dintre primele trei amenin\u021b\u0103ri prioritare pentru s\u0103n\u0103tate \u00eenc\u0103 din anul 2022. La r\u00e2ndul s\u0103u, Organiza\u021bia Mondial\u0103 a S\u0103n\u0103t\u0103\u021bii (OMS) promoveaz\u0103 o abordare integrat\u0103 pentru combaterea acestei probleme globale \u0219i a elaborat o strategie interna\u021bional\u0103 de ac\u021biune.<br>    \u00cen acest context, Rom\u00e2nia a creat un cadru na\u021bional coordonat \u0219i sustenabil pentru controlul AMR, prin elaborarea Strategiei Na\u021bionale 2023\u20132030 pentru prevenirea \u0219i limitarea infec\u021biilor asociate asisten\u021bei medicale \u0219i combaterea fenomenului de rezisten\u021b\u0103 la antimicrobiene, aprobat\u0103 prin Hot\u0103r\u00e2rea de Guvern nr. 1005\/2023.<br>   Unul dintre obiectivele majore asumate de \u021bara noastr\u0103 este ca p\u00e2n\u0103 \u00een anul 2030 s\u0103 reduc\u0103 consumul uman de antibiotice cu 27%, contribuind astfel la protejarea eficien\u021bei acestor medicamente esen\u021biale. (4,5)<br>    Printre m\u0103surile cheie se num\u0103r\u0103 eliberarea antibioticelor exclusiv pe baz\u0103 de prescrip\u021bie medical\u0103, pentru cazurile \u00een care tratamentul este justificat medical. Conform Ordinului Ministrului S\u0103n\u0103t\u0103\u021bii nr. 63\/2024, antibioticele pot fi eliberate f\u0103r\u0103 prescrip\u021bie doar \u00een situa\u021bii de urgen\u021b\u0103, \u00een limita unei doze maxime admise, pe baza unei declara\u021bii pe proprie r\u0103spundere completate \u00een farmacie. Ulterior, pacientul trebuie s\u0103 se prezinte la medic pentru ob\u021binerea unei re\u021bete corespunz\u0103toare. (6)<\/p>\n\n\n\n<p class=\"has-black-color has-text-color has-link-color wp-elements-833f9b37025b89e70d8e1a2d1c59e716\">   Un raport publicat \u00een Journal of The American Medical Association a constatat c\u0103 aproximativ 30% dintre antibioticele prescrise \u00een cabinetele medicilor, \u00een clinici \u0219i unit\u0103\u021bile de urgen\u021b\u0103 sunt inutile. Acest fapt este consecin\u021ba utiliz\u0103rii antibioticelor pentru infec\u021bii virale, \u00eempotriva c\u0103rora acestea nu sunt eficiente. (7)<\/p>\n\n\n\n<p class=\"has-black-color has-text-color has-link-color wp-elements-b603b654e7fdb082fb54bb9e5ebce424\">   AMR r\u0103m\u00e2ne o amenin\u021bare major\u0103 la adresa medicinei moderne \u0219i a capacit\u0103\u021bii sistemelor de s\u0103n\u0103tate public\u0103 de a r\u0103spunde eficient bolilor infec\u021bioase. Utilizarea abuziv\u0103 \u0219i inadecvat\u0103 a antibioticelor, at\u00e2t \u00een domeniul medical, c\u00e2t \u0219i \u00een produc\u021bia alimentar\u0103, a accelerat aceast\u0103 criz\u0103 global\u0103. \u00cen lipsa unor m\u0103suri urgente \u0219i coordonate, lumea risc\u0103 s\u0103 intre \u00eentr-o er\u0103 post-antibiotic\u0103, \u00een care infec\u021biile obi\u0219nuite ar putea redeveni letale. Ca r\u0103spuns, Adunarea Mondial\u0103 a S\u0103n\u0103t\u0103\u021bii (cea mai important\u0103 reuniune global\u0103 din domeniul s\u0103n\u0103t\u0103\u021bii, la care particip\u0103 reprezentan\u021bii celor 194 de state membre ale OMS, care iau decizii privind politica global\u0103 \u00een domeniul s\u0103n\u0103t\u0103\u021bii), a adoptat \u00een anul 2015 un plan de ac\u021biune global axat pe cinci direc\u021bii cheie:<br>-educa\u021bie \u0219i con\u0219tientizare<br>-cercetare \u0219i supraveghere<br>-prevenirea infec\u021biilor<br>-utilizarea responsabil\u0103 a antimicrobienelor<br>-stimularea investi\u021biilor \u00een solu\u021bii inovatoare.<br>   Scopul comun este men\u021binerea eficacit\u0103\u021bii tratamentelor antimicrobiene \u0219i asigurarea accesului la medicamente sigure \u0219i eficiente.<br>Noi to\u021bi suntem responsabili pentru aceast\u0103 problem\u0103 \u0219i putem schimba aceast\u0103 direc\u021bie \u00een una care s\u0103 ne asigure un viitor sigur \u00een ceea ce prive\u0219te utilizarea antimicrobienelor. (5,8,9)<\/p>\n\n\n\n<p class=\"has-black-color has-text-color has-link-color wp-elements-8d21d18cac3de87786b2eae9dc559781\">   Rezisten\u021ba la antibiotice poate fi prevenit\u0103 prin respectarea unor reguli simple:<br>-Respecta\u021bi recomand\u0103rile medicului atunci c\u00e2nd urma\u021bi un tratament cu antibiotice \u0219i nu \u00eentrerupe\u021bi tratamentul \u00eenainte de termenul indicat.<br>-Utiliza\u021bi antibiotice doar pe baz\u0103 de prescrip\u021bie medical\u0103, nu folosi\u021bi medicamente r\u0103mase din tratamente anterioare, de la alte persoane sau ob\u021binute f\u0103r\u0103 re\u021bet\u0103.<br>-Utilizarea abuziv\u0103 a antibioticelor, f\u0103r\u0103 recomandarea medicului, le face mai pu\u021bin eficiente atunci c\u00e2nd ve\u021bi avea cu adev\u0103rat nevoie de ele.<br>-Preveni\u021bi infec\u021biile, atunci c\u00e2nd este posibil, prin vaccinare corespunz\u0103toare \u0219i m\u0103suri de igien\u0103 personal\u0103.<br>-Men\u021bine\u021bi o igien\u0103 riguroas\u0103 a m\u00e2inilor, at\u00e2t pentru dumneavoastr\u0103 c\u00e2t \u0219i pentru copii, sp\u0103la\u021bi-v\u0103 frecvent m\u00e2inile, mai ales dup\u0103 ce tu\u0219i\u021bi, str\u0103nuta\u021bi sau \u00eenainte de mas\u0103.<br>-Solicita\u021bi sfatul farmacistului privind modul corect de eliminare a antibioticelor neutilizate, pentru a evita impactul negativ asupra mediului \u0219i s\u0103n\u0103t\u0103\u021bii publice.<\/p>\n\n\n\n<p><\/p>\n\n\n\n<p>1.<a href=\"https:\/\/www.who.int\/malaysia\/news\/commentaries\/detail\/mys-educate-advocate-act-now\">https:\/\/www.who.int\/malaysia\/news\/commentaries\/detail\/mys-educate-advocate-act-now<\/a><br>2.<a href=\"https:\/\/www.who.int\/campaigns\/world-amr-awareness-week\/2025\">https:\/\/www.who.int\/campaigns\/world-amr-awareness-week\/2025<\/a><br>3.<a href=\"https:\/\/health.ec.europa.eu\/antimicrobial-resistance\/eu-action-antimicrobial-resistance_en#eu-one-health-action-plan-against-amr\">https:\/\/health.ec.europa.eu\/antimicrobial-resistance\/eu-action-antimicrobial-resistance_en#eu-one-health-action-plan-against-amr<\/a><br>4.<a href=\"https:\/\/www.ecdc.europa.eu\/assets\/amr-targets-2030\/index.html\">https:\/\/www.ecdc.europa.eu\/assets\/amr-targets-2030\/index.html<\/a><br>5.<a href=\"https:\/\/www.euronews.com\/health\/2023\/03\/30\/antibiotic-use-dropped-post-covid-which-countries-in-europe-rely-on-them-the-most-and-leas?utm.com\">https:\/\/www.euronews.com\/health\/2023\/03\/30\/antibiotic-use-dropped-post-covid-which-countries-in-europe-rely-on-them-the-most-and-leas?utm.com<\/a><br>6.<a href=\"https:\/\/ms.ro\/ro\/centrul-de-presa\/nou%C4%83-metodologie-de-monitorizare-a-prescrierii-%C8%99i-de-raportare-a-eliber%C4%83rii-medicamentelor-antibiotice-%C8%99i-antifungice-de-uz-sistemic-%C3%AEn-contextul-riscurilor-generate-de-utilizarea-excesiv%C4%83-a-acestora\/\">https:\/\/ms.ro\/ro\/centrul-de-presa\/nou%C4%83-metodologie-de-monitorizare-a-prescrierii-%C8%99i-de-raportare-a-eliber%C4%83rii-medicamentelor-antibiotice-%C8%99i-antifungice-de-uz-sistemic-%C3%AEn-contextul-riscurilor-generate-de-utilizarea-excesiv%C4%83-a-acestora\/<\/a><br>7.<a href=\"https:\/\/time.com\/4316102\/antibiotics-prescription\/?utm.com\">https:\/\/time.com\/4316102\/antibiotics-prescription\/?utm.com<\/a><br>8.<a href=\"https:\/\/www.who.int\/europe\/publications\/i\/item\/9789289056687?utm.com\">https:\/\/www.who.int\/europe\/publications\/i\/item\/9789289056687?utm.com<\/a><br>9.<a href=\"https:\/\/www.who.int\/publications\/i\/item\/9789241509763\">https:\/\/www.who.int\/publications\/i\/item\/9789241509763<\/a><\/p><div id=\"dspvn-3798041972\" class=\"dspvn-continut dspvn-entity-placement\" style=\"margin-bottom: 10px;margin-left: auto;margin-right: auto;text-align: center;\"><a href=\"https:\/\/www.fiipregatit.ro\/\" target=\"_blank\" aria-label=\"www.fiipregatit.ro\"><img src=\"https:\/\/www.dspvn.ro\/wp-content\/uploads\/2023\/07\/fiipreg.jpg\" alt=\"www.fiipregatit.ro\"  srcset=\"https:\/\/www.dspvn.ro\/wp-content\/uploads\/2023\/07\/fiipreg.jpg 946w, https:\/\/www.dspvn.ro\/wp-content\/uploads\/2023\/07\/fiipreg-300x25.jpg 300w, https:\/\/www.dspvn.ro\/wp-content\/uploads\/2023\/07\/fiipreg-150x12.jpg 150w, https:\/\/www.dspvn.ro\/wp-content\/uploads\/2023\/07\/fiipreg-768x63.jpg 768w, https:\/\/www.dspvn.ro\/wp-content\/uploads\/2023\/07\/fiipreg-600x49.jpg 600w\" sizes=\"(max-width: 946px) 100vw, 946px\" class=\"no-lazyload\" width=\"800\" height=\"78\"  style=\"display: inline-block;\" \/><\/a><\/div>\n\n\n\n<p><\/p>\n\n\n\n<figure class=\"wp-block-image size-large\"><img fetchpriority=\"high\" decoding=\"async\" width=\"724\" height=\"1024\" src=\"https:\/\/www.dspvn.ro\/wp-content\/uploads\/2025\/11\/AMR-724x1024.png\" alt=\"\" class=\"wp-image-6669\" srcset=\"https:\/\/www.dspvn.ro\/wp-content\/uploads\/2025\/11\/AMR-724x1024.png 724w, https:\/\/www.dspvn.ro\/wp-content\/uploads\/2025\/11\/AMR-212x300.png 212w, https:\/\/www.dspvn.ro\/wp-content\/uploads\/2025\/11\/AMR-106x150.png 106w, https:\/\/www.dspvn.ro\/wp-content\/uploads\/2025\/11\/AMR-768x1086.png 768w, https:\/\/www.dspvn.ro\/wp-content\/uploads\/2025\/11\/AMR-1086x1536.png 1086w, https:\/\/www.dspvn.ro\/wp-content\/uploads\/2025\/11\/AMR-600x849.png 600w, https:\/\/www.dspvn.ro\/wp-content\/uploads\/2025\/11\/AMR.png 1414w\" sizes=\"(max-width: 724px) 100vw, 724px\" \/><\/figure>\n","protected":false},"excerpt":{"rendered":"<p>S\u0103pt\u0103m\u00e2na Mondial\u0103 de Con\u0219tientizare a Rezisten\u021bei Antimicrobiene, 18-24 noiembrie 2025 Ziua European\u0103 a Inform\u0103rii despre Antibiotice (European Antibiotic Awareness Day \u2013 EAAD), marcat\u0103 \u00een data de 18 noiembrie 2025, reprezint\u0103 o ini\u021biativ\u0103 european\u0103 anual\u0103 \u00een domeniul s\u0103n\u0103t\u0103\u021bii, av\u00e2nd ca obiectiv principal cre\u0219terea gradului de con\u0219tientizare privind utilizarea ra\u021bional\u0103 a antibioticelor. Tot \u00een aceast\u0103 lun\u0103, \u00een [&hellip;]<\/p>\n","protected":false},"author":1,"featured_media":6668,"comment_status":"closed","ping_status":"closed","sticky":false,"template":"","format":"standard","meta":{"_regular_price":[],"currency_symbol":[],"_lmt_disableupdate":"","_lmt_disable":"","footnotes":""},"categories":[1],"tags":[],"class_list":["post-6667","post","type-post","status-publish","format-standard","has-post-thumbnail","hentry","category-uncategorized"],"post_slider_layout_featured_media_urls":{"thumbnail":["https:\/\/www.dspvn.ro\/wp-content\/uploads\/2025\/11\/AMR2025-150x88.jpg",150,88,true],"post_slider_layout_landscape_large":["https:\/\/www.dspvn.ro\/wp-content\/uploads\/2025\/11\/AMR2025.jpg",600,350,false],"post_slider_layout_portrait_large":["https:\/\/www.dspvn.ro\/wp-content\/uploads\/2025\/11\/AMR2025.jpg",600,350,false],"post_slider_layout_square_large":["https:\/\/www.dspvn.ro\/wp-content\/uploads\/2025\/11\/AMR2025.jpg",600,350,false],"post_slider_layout_landscape":["https:\/\/www.dspvn.ro\/wp-content\/uploads\/2025\/11\/AMR2025.jpg",600,350,false],"post_slider_layout_portrait":["https:\/\/www.dspvn.ro\/wp-content\/uploads\/2025\/11\/AMR2025.jpg",600,350,false],"post_slider_layout_square":["https:\/\/www.dspvn.ro\/wp-content\/uploads\/2025\/11\/AMR2025.jpg",600,350,false],"full":["https:\/\/www.dspvn.ro\/wp-content\/uploads\/2025\/11\/AMR2025.jpg",600,350,false]},"modified_by":"admin","_links":{"self":[{"href":"https:\/\/www.dspvn.ro\/index.php\/wp-json\/wp\/v2\/posts\/6667","targetHints":{"allow":["GET"]}}],"collection":[{"href":"https:\/\/www.dspvn.ro\/index.php\/wp-json\/wp\/v2\/posts"}],"about":[{"href":"https:\/\/www.dspvn.ro\/index.php\/wp-json\/wp\/v2\/types\/post"}],"author":[{"embeddable":true,"href":"https:\/\/www.dspvn.ro\/index.php\/wp-json\/wp\/v2\/users\/1"}],"replies":[{"embeddable":true,"href":"https:\/\/www.dspvn.ro\/index.php\/wp-json\/wp\/v2\/comments?post=6667"}],"version-history":[{"count":1,"href":"https:\/\/www.dspvn.ro\/index.php\/wp-json\/wp\/v2\/posts\/6667\/revisions"}],"predecessor-version":[{"id":6670,"href":"https:\/\/www.dspvn.ro\/index.php\/wp-json\/wp\/v2\/posts\/6667\/revisions\/6670"}],"wp:featuredmedia":[{"embeddable":true,"href":"https:\/\/www.dspvn.ro\/index.php\/wp-json\/wp\/v2\/media\/6668"}],"wp:attachment":[{"href":"https:\/\/www.dspvn.ro\/index.php\/wp-json\/wp\/v2\/media?parent=6667"}],"wp:term":[{"taxonomy":"category","embeddable":true,"href":"https:\/\/www.dspvn.ro\/index.php\/wp-json\/wp\/v2\/categories?post=6667"},{"taxonomy":"post_tag","embeddable":true,"href":"https:\/\/www.dspvn.ro\/index.php\/wp-json\/wp\/v2\/tags?post=6667"}],"curies":[{"name":"wp","href":"https:\/\/api.w.org\/{rel}","templated":true}]}}