{"id":6680,"date":"2025-11-25T11:06:04","date_gmt":"2025-11-25T09:06:04","guid":{"rendered":"https:\/\/www.dspvn.ro\/?p=6680"},"modified":"2025-11-25T11:06:05","modified_gmt":"2025-11-25T09:06:05","slug":"ziua-internationala-pentru-eliminarea-violentei-impotriva-femeilor-25-noiembrie-2025","status":"publish","type":"post","link":"https:\/\/www.dspvn.ro\/index.php\/2025\/11\/25\/ziua-internationala-pentru-eliminarea-violentei-impotriva-femeilor-25-noiembrie-2025\/","title":{"rendered":"ZIUA INTERNA\u0162IONAL\u0102 PENTRU ELIMINAREA VIOLEN\u0162EI \u00ceMPOTRIVA FEMEILOR &#8211; 25 noiembrie 2025"},"content":{"rendered":"\n<p><\/p>\n\n\n\n<p class=\"has-black-color has-text-color has-link-color wp-elements-910dfc4a1fce11c90c55f7c1b3be8a04\">   Ziua Interna\u021bional\u0103 pentru Eliminarea Violen\u021bei \u00eempotriva Femeilor, marcat\u0103 anual la 25 noiembrie, reprezint\u0103 un moment de reflec\u021bie \u0219i mobilizare global\u0103 \u00eempotriva tuturor formelor de violen\u021b\u0103 de gen. Aceasta constituie o problem\u0103 complex\u0103, cu impact direct asupra drepturilor fundamentale ale omului \u0219i s\u0103n\u0103t\u0103\u021bii publice. Ini\u021biat\u0103 de Organiza\u021bia Na\u021biunilor Unite (ONU) \u00een 1999 aceast\u0103 zi atrage aten\u021bia asupra diversit\u0103\u021bii formelor de violen\u021b\u0103 \u0219i subliniaz\u0103 importan\u021ba implement\u0103rii de politici eficiente pentru prevenire, protec\u021bie \u0219i sprijinirea victimelor (United Nations, 2023).<br>   Violen\u021ba \u00eempotriva femeilor se manifest\u0103 sub multiple forme \u2013 fizic\u0103, psihologic\u0103, sexual\u0103 sau economic\u0103 \u2013 \u0219i poate ap\u0103rea \u00een familie, comunitate sau online. Aceasta afecteaz\u0103 s\u0103n\u0103tatea, siguran\u021ba \u0219i drepturile victimelor, contribuind la men\u021binerea inegalit\u0103\u021bilor de gen \u0219i limit\u00e2nd participarea femeilor \u00een societate.<br>   Scopul Zilei Interna\u021bionale pentru Eliminarea Violen\u021bei \u00eempotriva Femeilor este de a cre\u0219te con\u0219tientizarea privind impactul violen\u021bei de gen, de a sus\u021bine drepturile femeilor, de a \u00eencuraja adoptarea de m\u0103suri \u0219i politici eficiente de prevenire \u0219i de a promova solidaritatea \u0219i sprijinul comunitar pentru victime.<br>   Fenomenul este adesea subraportat din cauza fricii, stigmatiz\u0103rii \u0219i lipsei accesului la mecanisme eficiente de protec\u021bie (World Health Organization, 2021).<br>   La nivel mondial, aproximativ 1 din 3 femei (30%) au fost victime ale violen\u021bei fizice \u0219i\/sau sexuale, cel mai frecvent din partea unui partener intim. \u00cen 2023, peste 51.100 de femei \u0219i fete au fost ucise de parteneri sau membri ai familiei (United Nations, 2023).<br>\u00cen Uniunea European\u0103, 31% dintre femeile cu v\u00e2rsta \u00eentre 18 \u0219i 74 de ani au fost expuse violen\u021bei fizice sau sexuale, iar 55% au experimentat h\u0103r\u021buire sexual\u0103 (Eurostat, 2024).<br>   \u00cen Rom\u00e2nia, \u00een primele \u0219ase luni ale anului 2025, au fost raportate peste 61.000 de cazuri de violen\u021b\u0103 domestic\u0103, dintre care 41 femei \u0219i-au pierdut via\u021ba. \u00cen mediul urban, 46,2% dintre femei au declarat c\u0103 au experimentat violen\u021b\u0103 din partea partenerului, iar 45,5% violen\u021b\u0103 psihologic\u0103 (Inspectoratul General al Poli\u021biei Rom\u00e2ne, 2025).<\/p>\n\n\n\n<p class=\"has-black-color has-text-color has-link-color wp-elements-6ad52d5549fa08413ad8c8c5e1d305b0\">Aceste date eviden\u021biaz\u0103 caracterul endemic al fenomenului, care nu cunoa\u0219te grani\u021be culturale \u0219i socio-economice.<br>Conform ONU, violen\u021ba \u00eempotriva femeilor nu este doar o problem\u0103 de gen, ci o problem\u0103 de drepturi ale omului (United Nations, 2023). Ziua de 25 noiembrie constituie un apel global la solidaritate, ac\u021biune \u0219i responsabilitate. Combaterea violen\u021bei asupra femeilor presupune interven\u021bie institu\u021bional\u0103 ferm\u0103, educa\u021bie civic\u0103 \u0219i moral\u0103, precum \u0219i schimbarea mentalit\u0103\u021bilor care perpetueaz\u0103 inegalitatea. La nivel european, Directiva (UE) 2024\/1385 privind combaterea violen\u021bei \u00eempotriva femeilor \u0219i a violen\u021bei domestice a fost adoptat\u0103 de Consiliul UE, iar Comisia European\u0103 a publicat \u00een 2025 o foaie de parcurs privind drepturile femeilor, cu planuri de actualizare a strategiei privind egalitatea de gen \u00een 2026.<br>   \u00cen acest context, Institutul Na\u021bional de S\u0103n\u0103tate Public\u0103 \u00eempreun\u0103 cu Universitatea de Medicin\u0103 \u0219i Farmacie Carol Davila \u0219i \u00een coordonarea Ministerului S\u0103n\u0103t\u0103\u021bii deruleaz\u0103 activit\u0103\u0163i \u00een cadrul proiectului CIRCE &#8211; Joint Action on Transfer of Best Practices in Primary Care.<br>CIRCE-JA urm\u0103re\u0219te transferul \u0219i implementareaa mai multor bune practici la nivelul \u00een asisten\u021bei medicale primare. Una dintre practicile cheie identificate \u0219i aflate \u00een curs de testare \u00een \u021bara noastr\u0103 este ac\u021biunea de s\u0103n\u0103tate pentru copii \u0219i tineri la risc\/Ac\u021biunea de s\u0103n\u0103tate privind prevenirea violen\u021bei de-a lungul vie\u021bii (Health Action for Children and Youth at Risk\/<br>Health Action on Gender, Violence and Lifecycle), un cadru metodologic de ac\u021biuni integrate pentru prevenirea violen\u021bei dezvoltat \u00een Portugalia.<br>   Astfel, \u00een cadrul acestui proiect, INSP a desf\u0103\u015furat workshopuri cu furnizori din asisten\u0163a comunitar\u0103 \u015fi din asisten\u0163a medical\u0103 primar\u0103 \u00een cadrul c\u0103rora au fost furnizate cuno\u0219tin\u021be privind utilitatea interven\u021biei serviciilor medicale \u00een recunoa\u0219terea cazurilor de violen\u021b\u0103 domestic\u0103 (red flags) \u0219i au fost adaptate instrumente de evaluare a riscului la nivelul familiilor preluate din experien\u0163a Portugaliei. \u00cen activit\u0103\u0163ile derulate sunt implicate asistente medicale comunitare din jude\u0163ele Tulcea, Alba, Sibiu, un cabinet de medicin\u0103 de familie din jude\u0163ul D\u00e2mbovi\u0163a \u015fi 2 centre de permanen\u0163\u0103 din jude\u0163ele Neam\u0163 \u015fi Dolj.<br>   \u00cen cadrul proiectului a fost dezvoltat\u0103 o metodologie de urm\u0103rire a interven\u021biilor planificate \u0219i desf\u0103\u0219urate, astfel \u00eenc\u00e2t acestea s\u0103 poat\u0103 fi evaluate pe baza indicatorilor stabili\u021bi, pentru a fi extinse mai u\u0219or.<br>   Consider\u0103m c\u0103 printr-un efort concertat \u00eentre autorit\u0103\u021bi, mediul academic \u0219i societatea civil\u0103 poate fi construit un spa\u021biu social sigur \u0219i echitabil pentru femei \u0219i fete. Violen\u021ba \u00eempotriva femeilor nu este o problem\u0103 privat\u0103, ci una social\u0103, iar eliminarea ei este responsabilitatea tuturor.<\/p>\n\n\n\n<p class=\"has-black-color has-text-color has-link-color wp-elements-9ac00cf961d1ea846fe5a532228b76c6\"><\/p>\n\n\n\n<p class=\"has-black-color has-text-color has-link-color wp-elements-92732d8421f6eb6e7ad8a339040649e7\"><strong><em>\u201eRespectul nu este un gest op\u021bional \u2013 este o datorie civic\u0103 \u0219i moral\u0103.\u201d<\/em><\/strong><\/p><div id=\"dspvn-2392392817\" class=\"dspvn-continut dspvn-entity-placement\" style=\"margin-bottom: 10px;margin-left: auto;margin-right: auto;text-align: center;\"><a href=\"https:\/\/www.fiipregatit.ro\/\" target=\"_blank\" aria-label=\"www.fiipregatit.ro\"><img src=\"https:\/\/www.dspvn.ro\/wp-content\/uploads\/2023\/07\/fiipreg.jpg\" alt=\"www.fiipregatit.ro\"  srcset=\"https:\/\/www.dspvn.ro\/wp-content\/uploads\/2023\/07\/fiipreg.jpg 946w, https:\/\/www.dspvn.ro\/wp-content\/uploads\/2023\/07\/fiipreg-300x25.jpg 300w, https:\/\/www.dspvn.ro\/wp-content\/uploads\/2023\/07\/fiipreg-150x12.jpg 150w, https:\/\/www.dspvn.ro\/wp-content\/uploads\/2023\/07\/fiipreg-768x63.jpg 768w, https:\/\/www.dspvn.ro\/wp-content\/uploads\/2023\/07\/fiipreg-600x49.jpg 600w\" sizes=\"(max-width: 946px) 100vw, 946px\" class=\"no-lazyload\" width=\"800\" height=\"78\"  style=\"display: inline-block;\" \/><\/a><\/div>\n\n\n\n<p><\/p>\n\n\n\n<div data-wp-interactive=\"core\/file\" class=\"wp-block-file\"><object data-wp-bind--hidden=\"!state.hasPdfPreview\" hidden class=\"wp-block-file__embed\" data=\"https:\/\/www.dspvn.ro\/wp-content\/uploads\/2025\/11\/ZIV2025.pdf\" type=\"application\/pdf\" style=\"width:100%;height:1138px\" aria-label=\"\u00cenglobare pentru ZIV2025.\"><\/object><a id=\"wp-block-file--media-f5d1bb9c-e8b7-4e9e-99ad-0a002d7ae243\" href=\"https:\/\/www.dspvn.ro\/wp-content\/uploads\/2025\/11\/ZIV2025.pdf\">ZIV2025<\/a><a href=\"https:\/\/www.dspvn.ro\/wp-content\/uploads\/2025\/11\/ZIV2025.pdf\" class=\"wp-block-file__button wp-element-button\" download aria-describedby=\"wp-block-file--media-f5d1bb9c-e8b7-4e9e-99ad-0a002d7ae243\">Descarc\u0103<\/a><\/div>\n","protected":false},"excerpt":{"rendered":"<p>Ziua Interna\u021bional\u0103 pentru Eliminarea Violen\u021bei \u00eempotriva Femeilor, marcat\u0103 anual la 25 noiembrie, reprezint\u0103 un moment de reflec\u021bie \u0219i mobilizare global\u0103 \u00eempotriva tuturor formelor de violen\u021b\u0103 de gen. Aceasta constituie o problem\u0103 complex\u0103, cu impact direct asupra drepturilor fundamentale ale omului \u0219i s\u0103n\u0103t\u0103\u021bii publice. Ini\u021biat\u0103 de Organiza\u021bia Na\u021biunilor Unite (ONU) \u00een 1999 aceast\u0103 zi atrage aten\u021bia [&hellip;]<\/p>\n","protected":false},"author":1,"featured_media":6682,"comment_status":"closed","ping_status":"closed","sticky":false,"template":"","format":"standard","meta":{"_regular_price":[],"currency_symbol":[],"_lmt_disableupdate":"","_lmt_disable":"","footnotes":""},"categories":[1],"tags":[],"class_list":["post-6680","post","type-post","status-publish","format-standard","has-post-thumbnail","hentry","category-uncategorized"],"post_slider_layout_featured_media_urls":{"thumbnail":["https:\/\/www.dspvn.ro\/wp-content\/uploads\/2025\/11\/ZIV2025-150x129.jpg",150,129,true],"post_slider_layout_landscape_large":["https:\/\/www.dspvn.ro\/wp-content\/uploads\/2025\/11\/ZIV2025.jpg",408,350,false],"post_slider_layout_portrait_large":["https:\/\/www.dspvn.ro\/wp-content\/uploads\/2025\/11\/ZIV2025.jpg",408,350,false],"post_slider_layout_square_large":["https:\/\/www.dspvn.ro\/wp-content\/uploads\/2025\/11\/ZIV2025.jpg",408,350,false],"post_slider_layout_landscape":["https:\/\/www.dspvn.ro\/wp-content\/uploads\/2025\/11\/ZIV2025.jpg",408,350,false],"post_slider_layout_portrait":["https:\/\/www.dspvn.ro\/wp-content\/uploads\/2025\/11\/ZIV2025.jpg",408,350,false],"post_slider_layout_square":["https:\/\/www.dspvn.ro\/wp-content\/uploads\/2025\/11\/ZIV2025.jpg",408,350,false],"full":["https:\/\/www.dspvn.ro\/wp-content\/uploads\/2025\/11\/ZIV2025.jpg",408,350,false]},"modified_by":"admin","_links":{"self":[{"href":"https:\/\/www.dspvn.ro\/index.php\/wp-json\/wp\/v2\/posts\/6680","targetHints":{"allow":["GET"]}}],"collection":[{"href":"https:\/\/www.dspvn.ro\/index.php\/wp-json\/wp\/v2\/posts"}],"about":[{"href":"https:\/\/www.dspvn.ro\/index.php\/wp-json\/wp\/v2\/types\/post"}],"author":[{"embeddable":true,"href":"https:\/\/www.dspvn.ro\/index.php\/wp-json\/wp\/v2\/users\/1"}],"replies":[{"embeddable":true,"href":"https:\/\/www.dspvn.ro\/index.php\/wp-json\/wp\/v2\/comments?post=6680"}],"version-history":[{"count":1,"href":"https:\/\/www.dspvn.ro\/index.php\/wp-json\/wp\/v2\/posts\/6680\/revisions"}],"predecessor-version":[{"id":6683,"href":"https:\/\/www.dspvn.ro\/index.php\/wp-json\/wp\/v2\/posts\/6680\/revisions\/6683"}],"wp:featuredmedia":[{"embeddable":true,"href":"https:\/\/www.dspvn.ro\/index.php\/wp-json\/wp\/v2\/media\/6682"}],"wp:attachment":[{"href":"https:\/\/www.dspvn.ro\/index.php\/wp-json\/wp\/v2\/media?parent=6680"}],"wp:term":[{"taxonomy":"category","embeddable":true,"href":"https:\/\/www.dspvn.ro\/index.php\/wp-json\/wp\/v2\/categories?post=6680"},{"taxonomy":"post_tag","embeddable":true,"href":"https:\/\/www.dspvn.ro\/index.php\/wp-json\/wp\/v2\/tags?post=6680"}],"curies":[{"name":"wp","href":"https:\/\/api.w.org\/{rel}","templated":true}]}}