{"id":759,"date":"2020-05-23T13:08:03","date_gmt":"2020-05-23T10:08:03","guid":{"rendered":"http:\/\/www.dspvn.ro\/?p=759"},"modified":"2020-05-23T13:08:03","modified_gmt":"2020-05-23T10:08:03","slug":"buletin-informativ-23-mai-2020","status":"publish","type":"post","link":"https:\/\/www.dspvn.ro\/index.php\/2020\/05\/23\/buletin-informativ-23-mai-2020\/","title":{"rendered":"Buletin informativ 23 mai 2020"},"content":{"rendered":"\n<p><span class=\"has-inline-color has-very-dark-gray-color\">Direc\u021bia de S\u0103n\u0103tate Public\u0103 Vrancea are \u00een monitorizare 709 persoane aflate \u00een autoizolare la domiciliu. \u00cen carantin\u0103 institu\u021bionalizat\u0103 se afl\u0103 98 persoane, iar 79 \u00een carantin\u0103 la domiciliu, deoarece \u00een momentul \u00eenregistr\u0103rii nu existau spa\u021bii disponibile. La ace\u0219tia, pe toat\u0103 durata carantin\u0103rii, IPJ \u0219i IJJ organizeaz\u0103 \u00een comun dispozitive specifice pentru verificare.<br>\u00cen spitalele de la Foc\u0219ani \u0219i Adjud se afl\u0103 interna\u021bi 124 de pacien\u021bi, dintre care 5 la sec\u021bia ATI (4 Foc\u0219ani, 1 Adjud). Num\u0103rul persoanelor vindecate a ajuns la 267.<br>Totodat\u0103, DSP Vrancea a efectuat 60 misiuni cu participarea a 42 cadre medicale, 14 masini:<\/span><\/p><div id=\"dspvn-4046797446\" class=\"dspvn-continut dspvn-entity-placement\" style=\"margin-bottom: 10px;margin-left: auto;margin-right: auto;text-align: center;\"><a href=\"https:\/\/www.fiipregatit.ro\/\" target=\"_blank\" aria-label=\"www.fiipregatit.ro\"><img src=\"https:\/\/www.dspvn.ro\/wp-content\/uploads\/2023\/07\/fiipreg.jpg\" alt=\"www.fiipregatit.ro\"  srcset=\"https:\/\/www.dspvn.ro\/wp-content\/uploads\/2023\/07\/fiipreg.jpg 946w, https:\/\/www.dspvn.ro\/wp-content\/uploads\/2023\/07\/fiipreg-300x25.jpg 300w, https:\/\/www.dspvn.ro\/wp-content\/uploads\/2023\/07\/fiipreg-150x12.jpg 150w, https:\/\/www.dspvn.ro\/wp-content\/uploads\/2023\/07\/fiipreg-768x63.jpg 768w, https:\/\/www.dspvn.ro\/wp-content\/uploads\/2023\/07\/fiipreg-600x49.jpg 600w\" sizes=\"(max-width: 946px) 100vw, 946px\" class=\"no-lazyload\" width=\"800\" height=\"78\"  style=\"display: inline-block;\" \/><\/a><\/div>\n\n\n\n<ul class=\"wp-block-list\"><li><span class=\"has-inline-color has-very-dark-gray-color\">6 misiuni cu 9 cadre medicale si 5 masini pentru distribuire mic dejun<\/span><\/li><li><span class=\"has-inline-color has-very-dark-gray-color\">6 misiuni cu 9 cadre medicale si 5 masini pentru distribuire pranz si cina<\/span><\/li><li><span class=\"has-inline-color has-very-dark-gray-color\">1 misiune cu 1 cadru medical si 1 masina pentru scoaterea din carantina unei persoane de la La Rusu<\/span><\/li><li><span class=\"has-inline-color has-very-dark-gray-color\">1 misiune cu 2 cadre medicale si 1 masina , pentru recoltarea de probe biologice la 10 persoane de la CIA SF MARIA GOLESTI.<\/span><\/li><li><span class=\"has-inline-color has-very-dark-gray-color\">1 misiune cu 3 cadre medicale si 1 masina pentru recoltarea a 7 probe biologice la domiciliu<\/span><\/li><li><span class=\"has-inline-color has-very-dark-gray-color\">1 misiune cu 2 cadre medicale pentru eliminare deseuri COVID \u2013 19.<\/span><\/li><li><span class=\"has-inline-color has-very-dark-gray-color\">30 misiuni cu 9 cadre medicale pentru centralizare , actualizare si raportarea tuturor datelor specifice privind persoanele carantinate si izolate .<\/span><\/li><li><span class=\"has-inline-color has-very-dark-gray-color\">10 misiuni cu 2 cadre medicale pentru evidenta rezultatelor analizelor COVID \u2013 19.<\/span><\/li><li><span class=\"has-inline-color has-very-dark-gray-color\">1 misiune cu 2 cadre medicale si 1 masina , pentru recoltarea de probe biologice la 4 persoane de la DIAVERUM .<\/span><\/li><li><span class=\"has-inline-color has-very-dark-gray-color\">1 cadru medical pentru centralizare , actualizare si raportarea tuturor datelor specifice privind persoanele pozitiv COVID \u2013 19 .<\/span><\/li><li><span class=\"has-inline-color has-very-dark-gray-color\">1 cadru medical pentru completare chestionar intrare in izolare la domiciliu .<\/span><\/li><li><span class=\"has-inline-color has-very-dark-gray-color\">1 misiune cu 1 cadru medical completare fisa deces COVID &#8211; 19.<\/span><\/li><\/ul>\n","protected":false},"excerpt":{"rendered":"<p>Direc\u021bia de S\u0103n\u0103tate Public\u0103 Vrancea are \u00een monitorizare 709 persoane aflate \u00een autoizolare la domiciliu. \u00cen carantin\u0103 institu\u021bionalizat\u0103 se afl\u0103 98 persoane, iar 79 \u00een carantin\u0103 la domiciliu, deoarece \u00een momentul \u00eenregistr\u0103rii nu existau spa\u021bii disponibile. La ace\u0219tia, pe toat\u0103 durata carantin\u0103rii, IPJ \u0219i IJJ organizeaz\u0103 \u00een comun dispozitive specifice pentru verificare.\u00cen spitalele de la [&hellip;]<\/p>\n","protected":false},"author":3,"featured_media":235,"comment_status":"closed","ping_status":"open","sticky":false,"template":"","format":"standard","meta":{"_regular_price":[],"currency_symbol":[],"_lmt_disableupdate":"","_lmt_disable":"","footnotes":""},"categories":[1],"tags":[],"class_list":["post-759","post","type-post","status-publish","format-standard","has-post-thumbnail","hentry","category-uncategorized"],"post_slider_layout_featured_media_urls":{"thumbnail":["https:\/\/www.dspvn.ro\/wp-content\/uploads\/2020\/05\/sediu-150x113.jpg",150,113,true],"post_slider_layout_landscape_large":["https:\/\/www.dspvn.ro\/wp-content\/uploads\/2020\/05\/sediu.jpg",352,264,false],"post_slider_layout_portrait_large":["https:\/\/www.dspvn.ro\/wp-content\/uploads\/2020\/05\/sediu.jpg",352,264,false],"post_slider_layout_square_large":["https:\/\/www.dspvn.ro\/wp-content\/uploads\/2020\/05\/sediu.jpg",352,264,false],"post_slider_layout_landscape":["https:\/\/www.dspvn.ro\/wp-content\/uploads\/2020\/05\/sediu.jpg",352,264,false],"post_slider_layout_portrait":["https:\/\/www.dspvn.ro\/wp-content\/uploads\/2020\/05\/sediu.jpg",352,264,false],"post_slider_layout_square":["https:\/\/www.dspvn.ro\/wp-content\/uploads\/2020\/05\/sediu.jpg",352,264,false],"full":["https:\/\/www.dspvn.ro\/wp-content\/uploads\/2020\/05\/sediu.jpg",352,264,false]},"modified_by":null,"_links":{"self":[{"href":"https:\/\/www.dspvn.ro\/index.php\/wp-json\/wp\/v2\/posts\/759","targetHints":{"allow":["GET"]}}],"collection":[{"href":"https:\/\/www.dspvn.ro\/index.php\/wp-json\/wp\/v2\/posts"}],"about":[{"href":"https:\/\/www.dspvn.ro\/index.php\/wp-json\/wp\/v2\/types\/post"}],"author":[{"embeddable":true,"href":"https:\/\/www.dspvn.ro\/index.php\/wp-json\/wp\/v2\/users\/3"}],"replies":[{"embeddable":true,"href":"https:\/\/www.dspvn.ro\/index.php\/wp-json\/wp\/v2\/comments?post=759"}],"version-history":[{"count":1,"href":"https:\/\/www.dspvn.ro\/index.php\/wp-json\/wp\/v2\/posts\/759\/revisions"}],"predecessor-version":[{"id":760,"href":"https:\/\/www.dspvn.ro\/index.php\/wp-json\/wp\/v2\/posts\/759\/revisions\/760"}],"wp:featuredmedia":[{"embeddable":true,"href":"https:\/\/www.dspvn.ro\/index.php\/wp-json\/wp\/v2\/media\/235"}],"wp:attachment":[{"href":"https:\/\/www.dspvn.ro\/index.php\/wp-json\/wp\/v2\/media?parent=759"}],"wp:term":[{"taxonomy":"category","embeddable":true,"href":"https:\/\/www.dspvn.ro\/index.php\/wp-json\/wp\/v2\/categories?post=759"},{"taxonomy":"post_tag","embeddable":true,"href":"https:\/\/www.dspvn.ro\/index.php\/wp-json\/wp\/v2\/tags?post=759"}],"curies":[{"name":"wp","href":"https:\/\/api.w.org\/{rel}","templated":true}]}}