{"id":824,"date":"2020-06-02T16:47:02","date_gmt":"2020-06-02T13:47:02","guid":{"rendered":"http:\/\/www.dspvn.ro\/?p=824"},"modified":"2020-06-02T16:47:02","modified_gmt":"2020-06-02T13:47:02","slug":"dr-janina-nicoleta-lazar-director-executiv-adjunct-al-dsp-vrancea","status":"publish","type":"post","link":"https:\/\/www.dspvn.ro\/index.php\/2020\/06\/02\/dr-janina-nicoleta-lazar-director-executiv-adjunct-al-dsp-vrancea\/","title":{"rendered":"Dr. Janina Nicoleta Laz\u0103r, director executiv adjunct al DSP Vrancea"},"content":{"rendered":"\n<p>Ministerul S\u0103n\u0103t\u0103\u021bii a emis Ordinul 783\/29.05.2020 prin care dr. Janina Laz\u0103r a fost numit\u0103 \u00een func\u021bia public\u0103 de conducere ca director executiv adjunct al Direc\u021biei de S\u0103n\u0103tate Public\u0103 Vrancea. Func\u021bia este valid\u0103 pe durata st\u0103rii de alert\u0103, iar raporturile juridice \u00eencheiate potrivit prevederilor art. 11 din Legea 55\/2020 privind unele m\u0103suri pentru prevenirea \u0219i combaterea efectelor pandemiei de COVID-19 \u00eenceteaz\u0103 de drept \u00een cel mult 30 de zile de la data \u00eencet\u0103rii st\u0103rii de alert\u0103.<\/p>\n\n\n\n<p>Dr. Janina Nicoleta Laz\u0103r este angajat\u0103 a DSP Vrancea din anul 2009. A promovat examenele de reziden\u021biat \u0219i grade profesionale. Este medic primar epidemiolog din 2019, ultima func\u021bie \u00eendeplinit\u0103, p\u00e2n\u0103 la actuala numire, fiind de medic \u0219ef Departament supraveghere \u00een s\u0103n\u0103tatea public\u0103.<\/p>\n\n\n\n<p>Prin numirea sa, dr. Janina Laz\u0103r \u00eel \u00eenlocuie\u0219te astfel pe dr. Drago\u0219 Cozma care a renun\u021bat la func\u021bia de director adjunct al Direc\u021biei de S\u0103n\u0103tate Public\u0103 Vrancea din motive personale.<\/p><div id=\"dspvn-417718084\" class=\"dspvn-continut dspvn-entity-placement\" style=\"margin-bottom: 10px;margin-left: auto;margin-right: auto;text-align: center;\"><a href=\"https:\/\/www.fiipregatit.ro\/\" target=\"_blank\" aria-label=\"www.fiipregatit.ro\"><img src=\"https:\/\/www.dspvn.ro\/wp-content\/uploads\/2023\/07\/fiipreg.jpg\" alt=\"www.fiipregatit.ro\"  srcset=\"https:\/\/www.dspvn.ro\/wp-content\/uploads\/2023\/07\/fiipreg.jpg 946w, https:\/\/www.dspvn.ro\/wp-content\/uploads\/2023\/07\/fiipreg-300x25.jpg 300w, https:\/\/www.dspvn.ro\/wp-content\/uploads\/2023\/07\/fiipreg-150x12.jpg 150w, https:\/\/www.dspvn.ro\/wp-content\/uploads\/2023\/07\/fiipreg-768x63.jpg 768w, https:\/\/www.dspvn.ro\/wp-content\/uploads\/2023\/07\/fiipreg-600x49.jpg 600w\" sizes=\"(max-width: 946px) 100vw, 946px\" class=\"no-lazyload\" width=\"800\" height=\"78\"  style=\"display: inline-block;\" \/><\/a><\/div>\n","protected":false},"excerpt":{"rendered":"<p>Ministerul S\u0103n\u0103t\u0103\u021bii a emis Ordinul 783\/29.05.2020 prin care dr. Janina Laz\u0103r a fost numit\u0103 \u00een func\u021bia public\u0103 de conducere ca director executiv adjunct al Direc\u021biei de S\u0103n\u0103tate Public\u0103 Vrancea. Func\u021bia este valid\u0103 pe durata st\u0103rii de alert\u0103, iar raporturile juridice \u00eencheiate potrivit prevederilor art. 11 din Legea 55\/2020 privind unele m\u0103suri pentru prevenirea \u0219i combaterea [&hellip;]<\/p>\n","protected":false},"author":2,"featured_media":825,"comment_status":"closed","ping_status":"open","sticky":false,"template":"","format":"standard","meta":{"_regular_price":[],"currency_symbol":[],"_lmt_disableupdate":"","_lmt_disable":"","footnotes":""},"categories":[1],"tags":[],"class_list":["post-824","post","type-post","status-publish","format-standard","has-post-thumbnail","hentry","category-uncategorized"],"post_slider_layout_featured_media_urls":{"thumbnail":["https:\/\/www.dspvn.ro\/wp-content\/uploads\/2020\/06\/Dr-Janina-Lazar-150x89.jpg",150,89,true],"post_slider_layout_landscape_large":["https:\/\/www.dspvn.ro\/wp-content\/uploads\/2020\/06\/Dr-Janina-Lazar.jpg",600,355,false],"post_slider_layout_portrait_large":["https:\/\/www.dspvn.ro\/wp-content\/uploads\/2020\/06\/Dr-Janina-Lazar.jpg",600,355,false],"post_slider_layout_square_large":["https:\/\/www.dspvn.ro\/wp-content\/uploads\/2020\/06\/Dr-Janina-Lazar.jpg",600,355,false],"post_slider_layout_landscape":["https:\/\/www.dspvn.ro\/wp-content\/uploads\/2020\/06\/Dr-Janina-Lazar.jpg",600,355,false],"post_slider_layout_portrait":["https:\/\/www.dspvn.ro\/wp-content\/uploads\/2020\/06\/Dr-Janina-Lazar.jpg",600,355,false],"post_slider_layout_square":["https:\/\/www.dspvn.ro\/wp-content\/uploads\/2020\/06\/Dr-Janina-Lazar.jpg",600,355,false],"full":["https:\/\/www.dspvn.ro\/wp-content\/uploads\/2020\/06\/Dr-Janina-Lazar.jpg",600,355,false]},"modified_by":"Stanciu Silviu","_links":{"self":[{"href":"https:\/\/www.dspvn.ro\/index.php\/wp-json\/wp\/v2\/posts\/824","targetHints":{"allow":["GET"]}}],"collection":[{"href":"https:\/\/www.dspvn.ro\/index.php\/wp-json\/wp\/v2\/posts"}],"about":[{"href":"https:\/\/www.dspvn.ro\/index.php\/wp-json\/wp\/v2\/types\/post"}],"author":[{"embeddable":true,"href":"https:\/\/www.dspvn.ro\/index.php\/wp-json\/wp\/v2\/users\/2"}],"replies":[{"embeddable":true,"href":"https:\/\/www.dspvn.ro\/index.php\/wp-json\/wp\/v2\/comments?post=824"}],"version-history":[{"count":1,"href":"https:\/\/www.dspvn.ro\/index.php\/wp-json\/wp\/v2\/posts\/824\/revisions"}],"predecessor-version":[{"id":826,"href":"https:\/\/www.dspvn.ro\/index.php\/wp-json\/wp\/v2\/posts\/824\/revisions\/826"}],"wp:featuredmedia":[{"embeddable":true,"href":"https:\/\/www.dspvn.ro\/index.php\/wp-json\/wp\/v2\/media\/825"}],"wp:attachment":[{"href":"https:\/\/www.dspvn.ro\/index.php\/wp-json\/wp\/v2\/media?parent=824"}],"wp:term":[{"taxonomy":"category","embeddable":true,"href":"https:\/\/www.dspvn.ro\/index.php\/wp-json\/wp\/v2\/categories?post=824"},{"taxonomy":"post_tag","embeddable":true,"href":"https:\/\/www.dspvn.ro\/index.php\/wp-json\/wp\/v2\/tags?post=824"}],"curies":[{"name":"wp","href":"https:\/\/api.w.org\/{rel}","templated":true}]}}