{"id":927,"date":"2020-06-18T16:59:13","date_gmt":"2020-06-18T13:59:13","guid":{"rendered":"http:\/\/www.dspvn.ro\/?p=927"},"modified":"2020-06-18T16:59:14","modified_gmt":"2020-06-18T13:59:14","slug":"intalnire-intre-conducerea-dsp-vrancea-si-managerul-interimar-al-spitalului-judetean-de-urgenta-focsani","status":"publish","type":"post","link":"https:\/\/www.dspvn.ro\/index.php\/2020\/06\/18\/intalnire-intre-conducerea-dsp-vrancea-si-managerul-interimar-al-spitalului-judetean-de-urgenta-focsani\/","title":{"rendered":"\u00cent\u00e2lnire \u00eentre conducerea DSP Vrancea \u0219i managerul interimar al Spitalului Jude\u021bean de Urgen\u021b\u0103 Foc\u0219ani"},"content":{"rendered":"\n<p>Ast\u0103zi, 18 iunie 2020, a avut loc o \u00eent\u00e2lnire \u00eentre conducerea Direc\u021biei de S\u0103n\u0103tate Public\u0103 Vrancea, reprezentat\u0103 prin directorul executiv C\u0103t\u0103lin Bunghez, \u0219i managerul interimar al celui mai mare spital din jude\u021b, Elena Codru\u021ba Neagu.<\/p>\n\n\n\n<p>Discu\u021biile s-au purtat pe marginea deficitului de cadre medicale din spital, medici si asisten\u021bi \u00een compartimentele ATI, Gastroenterologie, Cardiologie,&nbsp; Interne \u0219i Psihiatrie. De\u0219i, \u00een contextul actual, sunt semnale \u00eembucur\u0103toare din partea unor medici dispu\u0219i a lucra \u00een cadrul Spitalului Jude\u021bean de Urgen\u021b\u0103 (SJU), chiar peste norma din programul de la cabinetele individuale unde ace\u0219tia activeaz\u0103, cadrul legal actual nu permite deta\u0219area acestora dec\u00e2t pe o perioad\u0103 limitat\u0103.<\/p>\n\n\n\n<p>O situa\u021bie similar\u0103 este cea a medicilor reziden\u021bi care au activat \u00een perioada st\u0103rii de urgen\u021b\u0103, ace\u0219tia dorind revenirea \u00een cadrul SJU. Din p\u0103cate, dup\u0103 dep\u0103\u0219irea perioadei de deta\u0219are de 45 de zile, nu exist\u0103 alte oportunit\u0103\u021bi legale. Priorit\u0103\u021bi sunt pe toate sec\u021biile unde SJU \u00eenregistreaz\u0103 deficite, iar cel mai mare este pe sec\u021bia ATI, f\u0103r\u0103 aceasta neput\u00e2ndu-se desf\u0103\u0219ura nici o activitate medical\u0103 de mare anvergur\u0103, \u00een special \u00een cazurile de o complexitate ridicat\u0103.<\/p>\n\n\n\n<p>Sec\u021bia de Boli Infec\u021bioase, \u00een care, \u00een prezent, sunt interna\u021bi 100 de pacien\u021bi, are, de asemenea, probleme de personal. Sunt cadre medicale din cadrul Sec\u021biei de Gastroenterologie care ar dori s\u0103 vin\u0103 la Sec\u021bia de Boli Infec\u021bioase, dar nu o pot face datorit\u0103 \u00eengr\u0103dirilor de ordin legal.<\/p>\n\n\n\n<p>Un alt subiect abordat la \u00eent\u00e2lnirea de ast\u0103zi a fost cel al pacien\u021bilor de la Spitalul de Psihiatrie Cronici Dumbr\u0103veni, \u00een contextul pandemic actual, mai exact problema transferului celor depista\u021bi pozitiv cu noul coronavirus. Managerul interimar Elena Codru\u021ba Neagu a accentuat ideea c\u0103 pentru pacien\u021bii cu afec\u021biuni psihice, fie cronici sau acu\u021bi, nu exist\u0103 \u00een \u021bar\u0103 nicio unitate spitaliceasc\u0103 cu suport COVID-19. Acest lucru creeaz\u0103 mari probleme personalului&nbsp; din sec\u021biile infec\u021bioase, cadrele medicale fiind, uneori, \u00een imposibilitatea de a le administra acestor pacien\u021bi tratamentul specific pentru COVID-19. Managerul interimar al SJU a \u00eenaintat o adres\u0103 la Ministerul S\u0103n\u0103t\u0103\u021bii pentru suplimentarea num\u0103rului de cadre medicale de la Sec\u021bia Psihiatrie. \u00cen aceast\u0103 chestiune, SJU va beneficia de suportul total al DSP Vrancea.<\/p>\n\n\n\n<p>\u00cen privin\u021ba utiliz\u0103rii spa\u021biului g\u0103sit pentru a pune \u00een func\u021biune aparatul de testare RT \u2013 PCR pentru COVID-19 \u00een cadrul SJU, se fac eforturi pentru optimizarea lui, dotarea corespunz\u0103toare \u0219i ob\u021binerea tuturor autoriza\u021biilor necesare, conform dispozi\u021biilor legale.<\/p><div id=\"dspvn-680688487\" class=\"dspvn-continut dspvn-entity-placement\" style=\"margin-bottom: 10px;margin-left: auto;margin-right: auto;text-align: center;\"><a href=\"https:\/\/www.fiipregatit.ro\/\" target=\"_blank\" aria-label=\"www.fiipregatit.ro\"><img src=\"https:\/\/www.dspvn.ro\/wp-content\/uploads\/2023\/07\/fiipreg.jpg\" alt=\"www.fiipregatit.ro\"  srcset=\"https:\/\/www.dspvn.ro\/wp-content\/uploads\/2023\/07\/fiipreg.jpg 946w, https:\/\/www.dspvn.ro\/wp-content\/uploads\/2023\/07\/fiipreg-300x25.jpg 300w, https:\/\/www.dspvn.ro\/wp-content\/uploads\/2023\/07\/fiipreg-150x12.jpg 150w, https:\/\/www.dspvn.ro\/wp-content\/uploads\/2023\/07\/fiipreg-768x63.jpg 768w, https:\/\/www.dspvn.ro\/wp-content\/uploads\/2023\/07\/fiipreg-600x49.jpg 600w\" sizes=\"(max-width: 946px) 100vw, 946px\" class=\"no-lazyload\" width=\"800\" height=\"78\"  style=\"display: inline-block;\" \/><\/a><\/div>\n\n\n\n<p><\/p>\n","protected":false},"excerpt":{"rendered":"<p>Ast\u0103zi, 18 iunie 2020, a avut loc o \u00eent\u00e2lnire \u00eentre conducerea Direc\u021biei de S\u0103n\u0103tate Public\u0103 Vrancea, reprezentat\u0103 prin directorul executiv C\u0103t\u0103lin Bunghez, \u0219i managerul interimar al celui mai mare spital din jude\u021b, Elena Codru\u021ba Neagu. Discu\u021biile s-au purtat pe marginea deficitului de cadre medicale din spital, medici si asisten\u021bi \u00een compartimentele ATI, Gastroenterologie, Cardiologie,&nbsp; Interne [&hellip;]<\/p>\n","protected":false},"author":2,"featured_media":928,"comment_status":"closed","ping_status":"open","sticky":false,"template":"","format":"standard","meta":{"_regular_price":[],"currency_symbol":[],"_lmt_disableupdate":"","_lmt_disable":"","footnotes":""},"categories":[1],"tags":[],"class_list":["post-927","post","type-post","status-publish","format-standard","has-post-thumbnail","hentry","category-uncategorized"],"post_slider_layout_featured_media_urls":{"thumbnail":["https:\/\/www.dspvn.ro\/wp-content\/uploads\/2020\/06\/Intalnire-DSP-SJU-18-iun-2020-150x71.jpeg",150,71,true],"post_slider_layout_landscape_large":["https:\/\/www.dspvn.ro\/wp-content\/uploads\/2020\/06\/Intalnire-DSP-SJU-18-iun-2020.jpeg",960,453,false],"post_slider_layout_portrait_large":["https:\/\/www.dspvn.ro\/wp-content\/uploads\/2020\/06\/Intalnire-DSP-SJU-18-iun-2020.jpeg",960,453,false],"post_slider_layout_square_large":["https:\/\/www.dspvn.ro\/wp-content\/uploads\/2020\/06\/Intalnire-DSP-SJU-18-iun-2020.jpeg",960,453,false],"post_slider_layout_landscape":["https:\/\/www.dspvn.ro\/wp-content\/uploads\/2020\/06\/Intalnire-DSP-SJU-18-iun-2020.jpeg",600,283,false],"post_slider_layout_portrait":["https:\/\/www.dspvn.ro\/wp-content\/uploads\/2020\/06\/Intalnire-DSP-SJU-18-iun-2020.jpeg",600,283,false],"post_slider_layout_square":["https:\/\/www.dspvn.ro\/wp-content\/uploads\/2020\/06\/Intalnire-DSP-SJU-18-iun-2020.jpeg",600,283,false],"full":["https:\/\/www.dspvn.ro\/wp-content\/uploads\/2020\/06\/Intalnire-DSP-SJU-18-iun-2020.jpeg",960,453,false]},"modified_by":"Stanciu Silviu","_links":{"self":[{"href":"https:\/\/www.dspvn.ro\/index.php\/wp-json\/wp\/v2\/posts\/927","targetHints":{"allow":["GET"]}}],"collection":[{"href":"https:\/\/www.dspvn.ro\/index.php\/wp-json\/wp\/v2\/posts"}],"about":[{"href":"https:\/\/www.dspvn.ro\/index.php\/wp-json\/wp\/v2\/types\/post"}],"author":[{"embeddable":true,"href":"https:\/\/www.dspvn.ro\/index.php\/wp-json\/wp\/v2\/users\/2"}],"replies":[{"embeddable":true,"href":"https:\/\/www.dspvn.ro\/index.php\/wp-json\/wp\/v2\/comments?post=927"}],"version-history":[{"count":1,"href":"https:\/\/www.dspvn.ro\/index.php\/wp-json\/wp\/v2\/posts\/927\/revisions"}],"predecessor-version":[{"id":929,"href":"https:\/\/www.dspvn.ro\/index.php\/wp-json\/wp\/v2\/posts\/927\/revisions\/929"}],"wp:featuredmedia":[{"embeddable":true,"href":"https:\/\/www.dspvn.ro\/index.php\/wp-json\/wp\/v2\/media\/928"}],"wp:attachment":[{"href":"https:\/\/www.dspvn.ro\/index.php\/wp-json\/wp\/v2\/media?parent=927"}],"wp:term":[{"taxonomy":"category","embeddable":true,"href":"https:\/\/www.dspvn.ro\/index.php\/wp-json\/wp\/v2\/categories?post=927"},{"taxonomy":"post_tag","embeddable":true,"href":"https:\/\/www.dspvn.ro\/index.php\/wp-json\/wp\/v2\/tags?post=927"}],"curies":[{"name":"wp","href":"https:\/\/api.w.org\/{rel}","templated":true}]}}