{"id":934,"date":"2020-06-22T14:13:02","date_gmt":"2020-06-22T11:13:02","guid":{"rendered":"http:\/\/www.dspvn.ro\/?p=934"},"modified":"2020-06-22T14:17:31","modified_gmt":"2020-06-22T11:17:31","slug":"directia-de-sanatate-publica-vrancea-respinge-cifrele-anuntate-de-o-parte-din-mass-media-cu-privire-la-cazurile-noi-de-covid-19-confirmate-in-judet","status":"publish","type":"post","link":"https:\/\/www.dspvn.ro\/index.php\/2020\/06\/22\/directia-de-sanatate-publica-vrancea-respinge-cifrele-anuntate-de-o-parte-din-mass-media-cu-privire-la-cazurile-noi-de-covid-19-confirmate-in-judet\/","title":{"rendered":"Direc\u021bia de S\u0103n\u0103tate Public\u0103 Vrancea respinge cifrele anun\u021bate de o parte din mass-media, cu privire la cazurile noi de COVID-19 confirmate \u00een jude\u021b"},"content":{"rendered":"\n<p><span class=\"has-inline-color has-very-dark-gray-color\">\u00cen presa local\u0103 s-a vehiculat, recent, informa\u021bia potrivit c\u0103reia jude\u021bul Vrancea s-ar fi situat pe primul loc pe \u021bar\u0103 \u00een ceea ce prive\u0219te num\u0103rul de cazuri raportate \u00een 24 de ore, cu 64 de cazuri raportate (date valabile pentru miercuri, 17 iunie 2020). Direc\u021bia de S\u0103n\u0103tate Public\u0103 Vrancea face precizarea c\u0103 autorii articolului fac o mare confuzie \u00eentre num\u0103rul test\u0103rilor pozitive \u0219i num\u0103rul de testa\u021bi pozitivi NOI.<\/span> <strong><span class=\"has-inline-color has-vivid-cyan-blue-color\"><span style=\"text-decoration: underline\">\u201dNu tot ceea ce test\u0103m pozitiv este \u0219i caz nou confirmat. A fi caz nou confirmat \u00eenseamn\u0103 prima testare pozitiv\u0103, iar \u00een num\u0103rul de test\u0103ri pozitive pot fi \u0219i persoanele internate care sunt la a doua, a treia sau chiar a patra retestare pozitiv\u0103. De exemplu, se testeaz\u0103 96 persoane, iar din 96 ies 40 de test\u0103ri pozitive. Din cei 40, doar o parte reprezint\u0103 confirmarea unor cazuri noi\u201d<\/span><\/span><\/strong>, <span class=\"has-inline-color has-very-dark-gray-color\">a precizat Janina Laz\u0103r, director executiv adjunct al institu\u021biei.<\/span><\/p><div id=\"dspvn-1519670500\" class=\"dspvn-continut dspvn-entity-placement\" style=\"margin-bottom: 10px;margin-left: auto;margin-right: auto;text-align: center;\"><a href=\"https:\/\/www.fiipregatit.ro\/\" target=\"_blank\" aria-label=\"www.fiipregatit.ro\"><img src=\"https:\/\/www.dspvn.ro\/wp-content\/uploads\/2023\/07\/fiipreg.jpg\" alt=\"www.fiipregatit.ro\"  srcset=\"https:\/\/www.dspvn.ro\/wp-content\/uploads\/2023\/07\/fiipreg.jpg 946w, https:\/\/www.dspvn.ro\/wp-content\/uploads\/2023\/07\/fiipreg-300x25.jpg 300w, https:\/\/www.dspvn.ro\/wp-content\/uploads\/2023\/07\/fiipreg-150x12.jpg 150w, https:\/\/www.dspvn.ro\/wp-content\/uploads\/2023\/07\/fiipreg-768x63.jpg 768w, https:\/\/www.dspvn.ro\/wp-content\/uploads\/2023\/07\/fiipreg-600x49.jpg 600w\" sizes=\"(max-width: 946px) 100vw, 946px\" class=\"no-lazyload\" width=\"800\" height=\"78\"  style=\"display: inline-block;\" \/><\/a><\/div>\n\n\n\n<figure class=\"wp-block-image size-large\"><img fetchpriority=\"high\" decoding=\"async\" width=\"600\" height=\"355\" src=\"http:\/\/www.dspvn.ro\/wp-content\/uploads\/2020\/06\/Dr-Janina-Lazar.jpg\" alt=\"\" class=\"wp-image-825\" srcset=\"https:\/\/www.dspvn.ro\/wp-content\/uploads\/2020\/06\/Dr-Janina-Lazar.jpg 600w, https:\/\/www.dspvn.ro\/wp-content\/uploads\/2020\/06\/Dr-Janina-Lazar-300x178.jpg 300w, https:\/\/www.dspvn.ro\/wp-content\/uploads\/2020\/06\/Dr-Janina-Lazar-150x89.jpg 150w\" sizes=\"(max-width: 600px) 100vw, 600px\" \/><\/figure>\n","protected":false},"excerpt":{"rendered":"<p>\u00cen presa local\u0103 s-a vehiculat, recent, informa\u021bia potrivit c\u0103reia jude\u021bul Vrancea s-ar fi situat pe primul loc pe \u021bar\u0103 \u00een ceea ce prive\u0219te num\u0103rul de cazuri raportate \u00een 24 de ore, cu 64 de cazuri raportate (date valabile pentru miercuri, 17 iunie 2020). Direc\u021bia de S\u0103n\u0103tate Public\u0103 Vrancea face precizarea c\u0103 autorii articolului fac o [&hellip;]<\/p>\n","protected":false},"author":2,"featured_media":0,"comment_status":"closed","ping_status":"open","sticky":false,"template":"","format":"standard","meta":{"_regular_price":[],"currency_symbol":[],"_lmt_disableupdate":"no","_lmt_disable":"","footnotes":""},"categories":[1],"tags":[],"class_list":["post-934","post","type-post","status-publish","format-standard","hentry","category-uncategorized"],"post_slider_layout_featured_media_urls":{"thumbnail":"","post_slider_layout_landscape_large":"","post_slider_layout_portrait_large":"","post_slider_layout_square_large":"","post_slider_layout_landscape":"","post_slider_layout_portrait":"","post_slider_layout_square":"","full":""},"modified_by":"Stanciu Silviu","_links":{"self":[{"href":"https:\/\/www.dspvn.ro\/index.php\/wp-json\/wp\/v2\/posts\/934","targetHints":{"allow":["GET"]}}],"collection":[{"href":"https:\/\/www.dspvn.ro\/index.php\/wp-json\/wp\/v2\/posts"}],"about":[{"href":"https:\/\/www.dspvn.ro\/index.php\/wp-json\/wp\/v2\/types\/post"}],"author":[{"embeddable":true,"href":"https:\/\/www.dspvn.ro\/index.php\/wp-json\/wp\/v2\/users\/2"}],"replies":[{"embeddable":true,"href":"https:\/\/www.dspvn.ro\/index.php\/wp-json\/wp\/v2\/comments?post=934"}],"version-history":[{"count":6,"href":"https:\/\/www.dspvn.ro\/index.php\/wp-json\/wp\/v2\/posts\/934\/revisions"}],"predecessor-version":[{"id":940,"href":"https:\/\/www.dspvn.ro\/index.php\/wp-json\/wp\/v2\/posts\/934\/revisions\/940"}],"wp:attachment":[{"href":"https:\/\/www.dspvn.ro\/index.php\/wp-json\/wp\/v2\/media?parent=934"}],"wp:term":[{"taxonomy":"category","embeddable":true,"href":"https:\/\/www.dspvn.ro\/index.php\/wp-json\/wp\/v2\/categories?post=934"},{"taxonomy":"post_tag","embeddable":true,"href":"https:\/\/www.dspvn.ro\/index.php\/wp-json\/wp\/v2\/tags?post=934"}],"curies":[{"name":"wp","href":"https:\/\/api.w.org\/{rel}","templated":true}]}}