{"id":998,"date":"2020-07-02T14:58:35","date_gmt":"2020-07-02T11:58:35","guid":{"rendered":"http:\/\/www.dspvn.ro\/?p=998"},"modified":"2020-07-02T14:58:35","modified_gmt":"2020-07-02T11:58:35","slug":"buletin-informativ-2-iulie-2020","status":"publish","type":"post","link":"https:\/\/www.dspvn.ro\/index.php\/2020\/07\/02\/buletin-informativ-2-iulie-2020\/","title":{"rendered":"Buletin informativ 2 iulie 2020"},"content":{"rendered":"\n<p>\u00cen jude\u021bul&nbsp; Vrancea, \u00een data de 02 iulie 2020, sunt monitorizate de c\u0103tre Direc\u021bia de S\u0103n\u0103tate Public\u0103 <strong>607<\/strong> <strong>persoane<\/strong> aflate \u00een autoizolare la domiciliu. \u00cen carantin\u0103 institu\u021bionalizat\u0103 se afl\u0103 <strong>5<\/strong> <strong>persoane.<\/strong> La ace\u0219tia, pe toat\u0103 durata carantin\u0103rii, IPJ \u0219i IJJ organizeaz\u0103 \u00een comun dispozitive specifice pentru verificare.<\/p>\n\n\n\n<p>\u00cen spitalele de la Foc\u0219ani \u0219i Adjud se afl\u0103 interna\u021bi <strong>83 de pacien\u021bi<\/strong>, dintre care <strong>5<\/strong> la sec\u021bia ATI, <strong>3<\/strong> la Foc\u0219ani \u0219i <strong>2<\/strong> la Adjud. Num\u0103rul persoanelor vindecate a ajuns la <strong>594<\/strong>, iar a persoanelor decedate la <strong>67<\/strong>. Direc\u021bia de S\u0103n\u0103tate Public\u0103 Vrancea a efectuat p\u00e2n\u0103 acum <strong>7859 de teste<\/strong>, fiind depistate <strong>1078 de persoane pozitive<\/strong>.<\/p>\n\n\n\n<p>Totodat\u0103, <strong>&nbsp;<\/strong><strong>DSP Vrancea a efectuat 12 misiuni cu 16 cadre medicale \u0219i 3 mijloace auto, astfel:<\/strong>&nbsp;&nbsp;<\/p>\n\n\n\n<p>&#8211; <strong>1 misiune<\/strong> cu <strong>1 cadru medical<\/strong> si <strong>1 mijloc de transport<\/strong> pentru servirea mesei persoanelor aflate in carantina institutionalizata ;<\/p>\n\n\n\n<p>&#8211; <strong>3 misiuni<\/strong> cu <strong>3 cadre medicale<\/strong> pentru completarea chestionarelor in vederea izolarii persoanelor venite din zone cu risc;<\/p>\n\n\n\n<p>&#8211; <strong>1 misiune<\/strong> cu <strong>2 cadre medicale<\/strong> pentru inregistrarea , centralizarea si raportarea datelor privind persoanele testate COVID , internate, decedate, vindecate;<\/p>\n\n\n\n<p>&#8211; <strong>1 misiune<\/strong> cu <strong>2 cadre medicale<\/strong> pentru inregistrarea rezultatelor la testele COVID pe platforma CORONA FORMS;<\/p>\n\n\n\n<p>&#8211; <strong>2 misiuni<\/strong> cu <strong>2 cadre medicale<\/strong> pentru codificarea probelor recoltate la cazurile suspecte COVID;<\/p>\n\n\n\n<p>&#8211; <strong>1 misiune<\/strong> cu <strong>1 cadru medical<\/strong> pentru inregistrarea in baza de date a persoanelor aflate in izolare la domiciliu. &#8211; <strong>3 misiuni<\/strong> cu <strong>5 cadre medicale<\/strong> pentru recoltare&nbsp; probe biologice cu&nbsp; <strong>2 mijloace de transport.<\/strong><\/p><div id=\"dspvn-4129213521\" class=\"dspvn-continut dspvn-entity-placement\" style=\"margin-bottom: 10px;margin-left: auto;margin-right: auto;text-align: center;\"><a href=\"https:\/\/www.fiipregatit.ro\/\" target=\"_blank\" aria-label=\"www.fiipregatit.ro\"><img src=\"https:\/\/www.dspvn.ro\/wp-content\/uploads\/2023\/07\/fiipreg.jpg\" alt=\"www.fiipregatit.ro\"  srcset=\"https:\/\/www.dspvn.ro\/wp-content\/uploads\/2023\/07\/fiipreg.jpg 946w, https:\/\/www.dspvn.ro\/wp-content\/uploads\/2023\/07\/fiipreg-300x25.jpg 300w, https:\/\/www.dspvn.ro\/wp-content\/uploads\/2023\/07\/fiipreg-150x12.jpg 150w, https:\/\/www.dspvn.ro\/wp-content\/uploads\/2023\/07\/fiipreg-768x63.jpg 768w, https:\/\/www.dspvn.ro\/wp-content\/uploads\/2023\/07\/fiipreg-600x49.jpg 600w\" sizes=\"(max-width: 946px) 100vw, 946px\" class=\"no-lazyload\" width=\"800\" height=\"78\"  style=\"display: inline-block;\" \/><\/a><\/div>\n","protected":false},"excerpt":{"rendered":"<p>\u00cen jude\u021bul&nbsp; Vrancea, \u00een data de 02 iulie 2020, sunt monitorizate de c\u0103tre Direc\u021bia de S\u0103n\u0103tate Public\u0103 607 persoane aflate \u00een autoizolare la domiciliu. \u00cen carantin\u0103 institu\u021bionalizat\u0103 se afl\u0103 5 persoane. La ace\u0219tia, pe toat\u0103 durata carantin\u0103rii, IPJ \u0219i IJJ organizeaz\u0103 \u00een comun dispozitive specifice pentru verificare. \u00cen spitalele de la Foc\u0219ani \u0219i Adjud se [&hellip;]<\/p>\n","protected":false},"author":2,"featured_media":858,"comment_status":"closed","ping_status":"open","sticky":false,"template":"","format":"standard","meta":{"_regular_price":[],"currency_symbol":[],"_lmt_disableupdate":"","_lmt_disable":"","footnotes":""},"categories":[18],"tags":[],"class_list":["post-998","post","type-post","status-publish","format-standard","has-post-thumbnail","hentry","category-buletine-info"],"post_slider_layout_featured_media_urls":{"thumbnail":["https:\/\/www.dspvn.ro\/wp-content\/uploads\/2020\/06\/DSP-frontal-150x78.jpg",150,78,true],"post_slider_layout_landscape_large":["https:\/\/www.dspvn.ro\/wp-content\/uploads\/2020\/06\/DSP-frontal-scaled.jpg",1200,623,false],"post_slider_layout_portrait_large":["https:\/\/www.dspvn.ro\/wp-content\/uploads\/2020\/06\/DSP-frontal-scaled.jpg",1200,623,false],"post_slider_layout_square_large":["https:\/\/www.dspvn.ro\/wp-content\/uploads\/2020\/06\/DSP-frontal-scaled.jpg",1200,623,false],"post_slider_layout_landscape":["https:\/\/www.dspvn.ro\/wp-content\/uploads\/2020\/06\/DSP-frontal-scaled.jpg",600,311,false],"post_slider_layout_portrait":["https:\/\/www.dspvn.ro\/wp-content\/uploads\/2020\/06\/DSP-frontal-scaled.jpg",600,311,false],"post_slider_layout_square":["https:\/\/www.dspvn.ro\/wp-content\/uploads\/2020\/06\/DSP-frontal-scaled.jpg",600,311,false],"full":["https:\/\/www.dspvn.ro\/wp-content\/uploads\/2020\/06\/DSP-frontal-scaled.jpg",2560,1328,false]},"modified_by":"Stanciu Silviu","_links":{"self":[{"href":"https:\/\/www.dspvn.ro\/index.php\/wp-json\/wp\/v2\/posts\/998","targetHints":{"allow":["GET"]}}],"collection":[{"href":"https:\/\/www.dspvn.ro\/index.php\/wp-json\/wp\/v2\/posts"}],"about":[{"href":"https:\/\/www.dspvn.ro\/index.php\/wp-json\/wp\/v2\/types\/post"}],"author":[{"embeddable":true,"href":"https:\/\/www.dspvn.ro\/index.php\/wp-json\/wp\/v2\/users\/2"}],"replies":[{"embeddable":true,"href":"https:\/\/www.dspvn.ro\/index.php\/wp-json\/wp\/v2\/comments?post=998"}],"version-history":[{"count":1,"href":"https:\/\/www.dspvn.ro\/index.php\/wp-json\/wp\/v2\/posts\/998\/revisions"}],"predecessor-version":[{"id":999,"href":"https:\/\/www.dspvn.ro\/index.php\/wp-json\/wp\/v2\/posts\/998\/revisions\/999"}],"wp:featuredmedia":[{"embeddable":true,"href":"https:\/\/www.dspvn.ro\/index.php\/wp-json\/wp\/v2\/media\/858"}],"wp:attachment":[{"href":"https:\/\/www.dspvn.ro\/index.php\/wp-json\/wp\/v2\/media?parent=998"}],"wp:term":[{"taxonomy":"category","embeddable":true,"href":"https:\/\/www.dspvn.ro\/index.php\/wp-json\/wp\/v2\/categories?post=998"},{"taxonomy":"post_tag","embeddable":true,"href":"https:\/\/www.dspvn.ro\/index.php\/wp-json\/wp\/v2\/tags?post=998"}],"curies":[{"name":"wp","href":"https:\/\/api.w.org\/{rel}","templated":true}]}}